{"id":118926,"date":"2026-01-17T07:25:00","date_gmt":"2026-01-17T07:25:00","guid":{"rendered":"https:\/\/comitati.fisi.org\/friuli-venezia-giulia\/?p=118926"},"modified":"2026-01-17T08:50:30","modified_gmt":"2026-01-17T08:50:30","slug":"gp-fisi-fvg-ragazzi-allievi-il-programma-delle-gare-del-23-e-24-gennaio-sullo-zoncolan","status":"publish","type":"post","link":"https:\/\/comitati.fisi.org\/friuli-venezia-giulia\/blog\/2026\/01\/17\/gp-fisi-fvg-ragazzi-allievi-il-programma-delle-gare-del-23-e-24-gennaio-sullo-zoncolan\/","title":{"rendered":"GP FISI FVG Ragazzi\/Allievi, il programma delle gare del 23 e 24 gennaio sullo Zoncolan"},"content":{"rendered":"\n<p>Doppio appuntamento sullo Zoncolan con lo Sci CAI Trieste per il GP FISI FVG Ragazzi\/Allievi.<\/p>\n\n\n\n<p>Venerd\u00ec 23 febbraio si disputer\u00e0 il superG con in palio il &#8220;Trofeo Societ\u00e0 Alpina delle Giulie&#8221;, sabato 24 uno slalom che assegner\u00e0 il &#8220;Trofeo Alternativa Sport&#8221;.<\/p>\n\n\n\n<p>Entrambe le gare si disputeranno sulla pista &#8220;1&#8221;.<\/p>\n\n\n\n<p>Proponiamo il <strong>Programma AGGIORNATO con<\/strong> le <strong>tasse di iscrizione corrette<\/strong> come da art.2.6.1 dell&#8217;Agenda degli Sport Invernali in vigore.<\/p>\n\n\n\n<div data-wp-interactive=\"core\/file\" class=\"wp-block-file\"><object data-wp-bind--hidden=\"!state.hasPdfPreview\"  class=\"wp-block-file__embed\" data=\"https:\/\/comitati.fisi.org\/friuli-venezia-giulia\/wp-content\/uploads\/sites\/34\/2026\/01\/2026_SGSL_programma-1.pdf\" type=\"application\/pdf\" style=\"width:100%;height:600px\" aria-label=\"Incorporamento di PROGRAMMA 23240126.\"><\/object><a id=\"wp-block-file--media-4d527405-438e-46a1-9cdd-5dc725246e9c\" href=\"https:\/\/comitati.fisi.org\/friuli-venezia-giulia\/wp-content\/uploads\/sites\/34\/2026\/01\/2026_SGSL_programma-1.pdf\">PROGRAMMA 23240126<\/a><a href=\"https:\/\/comitati.fisi.org\/friuli-venezia-giulia\/wp-content\/uploads\/sites\/34\/2026\/01\/2026_SGSL_programma-1.pdf\" class=\"wp-block-file__button wp-element-button\" download aria-describedby=\"wp-block-file--media-4d527405-438e-46a1-9cdd-5dc725246e9c\">Download<\/a><\/div>\n","protected":false},"excerpt":{"rendered":"<p>Organizza lo Sci CAI Trieste<\/p>\n","protected":false},"author":14,"featured_media":118770,"comment_status":"open","ping_status":"open","sticky":false,"template":"","format":"standard","meta":{"_acf_changed":false,"footnotes":""},"categories":[7,6,8],"tags":[],"acf":[],"_links":{"self":[{"href":"https:\/\/comitati.fisi.org\/friuli-venezia-giulia\/wp-json\/wp\/v2\/posts\/118926"}],"collection":[{"href":"https:\/\/comitati.fisi.org\/friuli-venezia-giulia\/wp-json\/wp\/v2\/posts"}],"about":[{"href":"https:\/\/comitati.fisi.org\/friuli-venezia-giulia\/wp-json\/wp\/v2\/types\/post"}],"author":[{"embeddable":true,"href":"https:\/\/comitati.fisi.org\/friuli-venezia-giulia\/wp-json\/wp\/v2\/users\/14"}],"replies":[{"embeddable":true,"href":"https:\/\/comitati.fisi.org\/friuli-venezia-giulia\/wp-json\/wp\/v2\/comments?post=118926"}],"version-history":[{"count":3,"href":"https:\/\/comitati.fisi.org\/friuli-venezia-giulia\/wp-json\/wp\/v2\/posts\/118926\/revisions"}],"predecessor-version":[{"id":119454,"href":"https:\/\/comitati.fisi.org\/friuli-venezia-giulia\/wp-json\/wp\/v2\/posts\/118926\/revisions\/119454"}],"wp:featuredmedia":[{"embeddable":true,"href":"https:\/\/comitati.fisi.org\/friuli-venezia-giulia\/wp-json\/wp\/v2\/media\/118770"}],"wp:attachment":[{"href":"https:\/\/comitati.fisi.org\/friuli-venezia-giulia\/wp-json\/wp\/v2\/media?parent=118926"}],"wp:term":[{"taxonomy":"category","embeddable":true,"href":"https:\/\/comitati.fisi.org\/friuli-venezia-giulia\/wp-json\/wp\/v2\/categories?post=118926"},{"taxonomy":"post_tag","embeddable":true,"href":"https:\/\/comitati.fisi.org\/friuli-venezia-giulia\/wp-json\/wp\/v2\/tags?post=118926"}],"curies":[{"name":"wp","href":"https:\/\/api.w.org\/{rel}","templated":true}]}}