{"id":118082,"date":"2025-11-30T16:54:21","date_gmt":"2025-11-30T16:54:21","guid":{"rendered":"https:\/\/comitati.fisi.org\/friuli-venezia-giulia\/?p=118082"},"modified":"2025-11-30T16:54:21","modified_gmt":"2025-11-30T16:54:21","slug":"lisa-di-nuovo-sul-podio-italia-seconda-nella-staffetta-mista","status":"publish","type":"post","link":"https:\/\/comitati.fisi.org\/friuli-venezia-giulia\/blog\/2025\/11\/30\/lisa-di-nuovo-sul-podio-italia-seconda-nella-staffetta-mista\/","title":{"rendered":"LISA DI NUOVO SUL PODIO! ITALIA SECONDA NELLA STAFFETTA MISTA"},"content":{"rendered":"\n<p>Ventiquattro ore \u00e8 ancora un secondo posto per l\u2019Italia: Tommaso Giacomel, Lukas Hofer, Dorothea Wierer e <strong>Lisa Vittozzi<\/strong> conquistano un ottima seconda piazza nella staffetta mista alle spalle della Francia (Jacquelin \/ Perrot \/ Braisaz \/ Jeanmonnot) che vince utilizzando solo sei ricariche in 1:05\u201916\u20335.<\/p>\n\n\n\n<p>Ma appena dietro (+25\u20332) c\u2019\u00e8 l\u2019Italia (8 ricariche): quattro ottime frazioni sugli sci, una prestazione pressoch\u00e8 perfetta da parte di Hofer ed ottimi segnali nel tiro a terra da parte di Wierer e Vittozzi, autrici di sessioni magistrali. La differenza con la Francia \u00e8 tutta in qualche ricarica in pi\u00f9 utilizzata, soprattuto in piedi nelle due frazioni dispari. La Norvegia (Stromshein\/Botn\/Knotten\/Tandrevold) \u00e8 terza a 1\u201905 con un giro e sette ulteriori ricariche. Finlandia e Cechia occupano le posizioni appena a ridosso del podio, con gli Stati Uniti ottimi sesti.<\/p>\n\n\n\n<p>Non poteva esserci inizio migliore per la Coppa del Mondo: due podi in altrettante giornate di gara rappresentano il lancio ideale verso l\u2019appuntamento olimpico.<\/p>\n\n\n\n<p>Tommaso Giacomel completa davanti a tutti la frazioe di lancio con quattro ricariche utilizzate. Buono il poligono a terra del trentino, le tre ricariche nella sessione in piedi chiedono un surplus di attenzione, ma nella tornata finale il primierotto riprende tutti i fuggitivi per presentarsi in testa in zona cambio appena davanti a Francia, Germania e Norvegia. Svezia in ritardo di una cinquantina di secondi con Nelin costretto a girare.<\/p>\n\n\n\n<p>Lukas Hofer gestisce con sapienza le energie nel giro iniziale e sfodera un ottimo poligono a terra senza errori che lo proietta momentaneamente in testa, sulla Francia di Perrot e la Norvegia di Botn. L\u2019altoatesino si ripete anche in piedi, chiudendo una frazione immacolata che gli consente di restare a braccetto con Norvegia, Francia e Stati Uniti di un ottimo Wright. Intanto ulteriori due giri di penalit\u00e0 per la Svezia con Ponsiluoma. Botn e Wright allungano di qualche secondo, ma Luki \u00e8 terzo a 5\u20335. Dietro i distacchi si dilatano, con Finlandia quinta a 51\u20338; a met\u00e0 gara la Germania paga 1\u201915, la Svezia 2\u201915.<\/p>\n\n\n\n<p>La seconda met\u00e0 gara \u00e8 femminile. Dorothea Wierer in compagnia di Justine Braisaz chiude rapidamente su Knotten per poi regalare un poligono magistrale a terra (21\u20338) che le garantisce 5\u20339 su Knotten ed oltre 30\u2033 su Braisaz. Dopo una tornata in solitudine, Wierer incappa in qualche difficolt\u00e0 in piedi ma sfrutta al meglio le tre ricariche per tenere Norvegia e Francia a contatto. Knotten e Braisaz prendono del margine e all\u2019ultimo cambio Norvegia e Francia vantano 10\u2033 sull\u2019Italia. Hettich porta la Germania in quarta piazza, ma ad oltre un minuto.<\/p>\n\n\n\n<p>Lisa Vittozzi insegue nel primo giro ma pi\u00f9 che dimezza il divario su Jeanmonnot con uno splendido poligono a terra (22\u20332) e insegue con Tandrevold fino al poligono finale, con Jeanmonnot che infila il 5 su 5 mentre Lisa sbatte sull\u2019ultimo bersaglio dopo quattro centri a raffica. Qualche patema sulla ricarica ma il secondo posto \u00e8 ormai in ghiaccio.<\/p>\n\n\n\n<p>La tappa di \u00d6stersund prosegue marted\u00ec con la 15 km individuale femminile che prender\u00e0 il via alle 15:30; la prova maschile di 20km \u00e8 prevista il giorno successivo allo stesso orario.<\/p>\n\n\n\n<p><strong><em>(foto di Serge Schwan)<\/em><\/strong><\/p>\n","protected":false},"excerpt":{"rendered":"<p>La Coppa del Mondo di biathlon si \u00e8 aperta alla grande per gli azzurri e per la rientrante Vittozzi in particolare<\/p>\n","protected":false},"author":14,"featured_media":118083,"comment_status":"open","ping_status":"open","sticky":false,"template":"","format":"standard","meta":{"_acf_changed":false,"footnotes":""},"categories":[7,5,6],"tags":[],"acf":[],"_links":{"self":[{"href":"https:\/\/comitati.fisi.org\/friuli-venezia-giulia\/wp-json\/wp\/v2\/posts\/118082"}],"collection":[{"href":"https:\/\/comitati.fisi.org\/friuli-venezia-giulia\/wp-json\/wp\/v2\/posts"}],"about":[{"href":"https:\/\/comitati.fisi.org\/friuli-venezia-giulia\/wp-json\/wp\/v2\/types\/post"}],"author":[{"embeddable":true,"href":"https:\/\/comitati.fisi.org\/friuli-venezia-giulia\/wp-json\/wp\/v2\/users\/14"}],"replies":[{"embeddable":true,"href":"https:\/\/comitati.fisi.org\/friuli-venezia-giulia\/wp-json\/wp\/v2\/comments?post=118082"}],"version-history":[{"count":2,"href":"https:\/\/comitati.fisi.org\/friuli-venezia-giulia\/wp-json\/wp\/v2\/posts\/118082\/revisions"}],"predecessor-version":[{"id":118086,"href":"https:\/\/comitati.fisi.org\/friuli-venezia-giulia\/wp-json\/wp\/v2\/posts\/118082\/revisions\/118086"}],"wp:featuredmedia":[{"embeddable":true,"href":"https:\/\/comitati.fisi.org\/friuli-venezia-giulia\/wp-json\/wp\/v2\/media\/118083"}],"wp:attachment":[{"href":"https:\/\/comitati.fisi.org\/friuli-venezia-giulia\/wp-json\/wp\/v2\/media?parent=118082"}],"wp:term":[{"taxonomy":"category","embeddable":true,"href":"https:\/\/comitati.fisi.org\/friuli-venezia-giulia\/wp-json\/wp\/v2\/categories?post=118082"},{"taxonomy":"post_tag","embeddable":true,"href":"https:\/\/comitati.fisi.org\/friuli-venezia-giulia\/wp-json\/wp\/v2\/tags?post=118082"}],"curies":[{"name":"wp","href":"https:\/\/api.w.org\/{rel}","templated":true}]}}