{"id":116196,"date":"2025-07-05T08:38:00","date_gmt":"2025-07-05T08:38:00","guid":{"rendered":"https:\/\/comitati.fisi.org\/friuli-venezia-giulia\/?p=116196"},"modified":"2025-07-05T08:57:04","modified_gmt":"2025-07-05T08:57:04","slug":"nuove-metodologie-di-lavoro-condiviso-per-il-settore-aria-compressa-del-biathlon-fvg","status":"publish","type":"post","link":"https:\/\/comitati.fisi.org\/friuli-venezia-giulia\/blog\/2025\/07\/05\/nuove-metodologie-di-lavoro-condiviso-per-il-settore-aria-compressa-del-biathlon-fvg\/","title":{"rendered":"Nuove metodologie di lavoro condiviso per il settore aria compressa del biathlon FVG"},"content":{"rendered":"\n<p>Il biathlon riveste sempre un ruolo di primo piano nel Comitato FISI FVG sin dalle categorie pi\u00f9 giovani. Giuseppe Piller Cottrer, tecnico che non ha bisogno di presentazioni, in questa stagione ha assunto il ruolo di coordinatore del settore aria compressa ed \u00e8 lui stesso a spiegare come verr\u00e0 strutturato il lavoro con i giovani atleti: &#8220;Ci saranno appuntamenti settimanali, alternando Ragazzi e Allievi. In particolare per gli Allievi, lo scopo \u00e8 di indirizzarli al passaggio successivo al piccolo calibro. Vogliamo creare i presupposti per affrontare tutte le tematiche tecniche, tattiche, gestionali, mentali e di approccio, affinch\u00e9 i ragazzi siano preparati a un&#8217;attivit\u00e0 pi\u00f9 specifica quando approderanno alla categoria superiore. Per questo motivo ci troveremo due volte al mese a Forni Avoltri con i biathleti degli sci club: in queste sessioni di lavoro si condivideranno i fondamentali e si metteranno in sequenza coordinativa il tiro e le attivit\u00e0 specifiche con gli skiroll, in modo tale che ci sia uno stretto legame tra tutte le societ\u00e0, per avere un progetto univoco stabilito e concordato in maniera precisa&#8221;, conclude Piller Cottrer.<\/p>\n\n\n\n<figure class=\"wp-block-gallery has-nested-images columns-default is-cropped wp-block-gallery-1 is-layout-flex wp-block-gallery-is-layout-flex\">\n<figure class=\"wp-block-image size-large\"><a href=\"https:\/\/comitati.fisi.org\/friuli-venezia-giulia\/wp-content\/uploads\/sites\/34\/2025\/07\/IMG-20250704-WA0024.jpg\"><img loading=\"lazy\" decoding=\"async\" width=\"1024\" height=\"768\" data-id=\"116198\" src=\"https:\/\/comitati.fisi.org\/friuli-venezia-giulia\/wp-content\/uploads\/sites\/34\/2025\/07\/IMG-20250704-WA0024-1024x768.jpg\" alt=\"\" class=\"wp-image-116198\" srcset=\"https:\/\/comitati.fisi.org\/friuli-venezia-giulia\/wp-content\/uploads\/sites\/34\/2025\/07\/IMG-20250704-WA0024-1024x768.jpg 1024w, https:\/\/comitati.fisi.org\/friuli-venezia-giulia\/wp-content\/uploads\/sites\/34\/2025\/07\/IMG-20250704-WA0024-300x225.jpg 300w, https:\/\/comitati.fisi.org\/friuli-venezia-giulia\/wp-content\/uploads\/sites\/34\/2025\/07\/IMG-20250704-WA0024-768x576.jpg 768w, https:\/\/comitati.fisi.org\/friuli-venezia-giulia\/wp-content\/uploads\/sites\/34\/2025\/07\/IMG-20250704-WA0024-1536x1152.jpg 1536w, https:\/\/comitati.fisi.org\/friuli-venezia-giulia\/wp-content\/uploads\/sites\/34\/2025\/07\/IMG-20250704-WA0024.jpg 2048w\" sizes=\"(max-width: 1024px) 100vw, 1024px\" \/><\/a><\/figure>\n\n\n\n<figure class=\"wp-block-image size-large\"><a href=\"https:\/\/comitati.fisi.org\/friuli-venezia-giulia\/wp-content\/uploads\/sites\/34\/2025\/07\/IMG-20250704-WA0023.jpg\"><img loading=\"lazy\" decoding=\"async\" width=\"768\" height=\"1024\" data-id=\"116197\" src=\"https:\/\/comitati.fisi.org\/friuli-venezia-giulia\/wp-content\/uploads\/sites\/34\/2025\/07\/IMG-20250704-WA0023-768x1024.jpg\" alt=\"\" class=\"wp-image-116197\" srcset=\"https:\/\/comitati.fisi.org\/friuli-venezia-giulia\/wp-content\/uploads\/sites\/34\/2025\/07\/IMG-20250704-WA0023-768x1024.jpg 768w, https:\/\/comitati.fisi.org\/friuli-venezia-giulia\/wp-content\/uploads\/sites\/34\/2025\/07\/IMG-20250704-WA0023-225x300.jpg 225w, https:\/\/comitati.fisi.org\/friuli-venezia-giulia\/wp-content\/uploads\/sites\/34\/2025\/07\/IMG-20250704-WA0023-1152x1536.jpg 1152w, https:\/\/comitati.fisi.org\/friuli-venezia-giulia\/wp-content\/uploads\/sites\/34\/2025\/07\/IMG-20250704-WA0023.jpg 1536w\" sizes=\"(max-width: 768px) 100vw, 768px\" \/><\/a><\/figure>\n\n\n\n<figure class=\"wp-block-image size-large\"><a href=\"https:\/\/comitati.fisi.org\/friuli-venezia-giulia\/wp-content\/uploads\/sites\/34\/2025\/07\/IMG-20250704-WA0022.jpg\"><img loading=\"lazy\" decoding=\"async\" width=\"768\" height=\"1024\" data-id=\"116199\" src=\"https:\/\/comitati.fisi.org\/friuli-venezia-giulia\/wp-content\/uploads\/sites\/34\/2025\/07\/IMG-20250704-WA0022-768x1024.jpg\" alt=\"\" class=\"wp-image-116199\" srcset=\"https:\/\/comitati.fisi.org\/friuli-venezia-giulia\/wp-content\/uploads\/sites\/34\/2025\/07\/IMG-20250704-WA0022-768x1024.jpg 768w, https:\/\/comitati.fisi.org\/friuli-venezia-giulia\/wp-content\/uploads\/sites\/34\/2025\/07\/IMG-20250704-WA0022-225x300.jpg 225w, https:\/\/comitati.fisi.org\/friuli-venezia-giulia\/wp-content\/uploads\/sites\/34\/2025\/07\/IMG-20250704-WA0022-1152x1536.jpg 1152w, https:\/\/comitati.fisi.org\/friuli-venezia-giulia\/wp-content\/uploads\/sites\/34\/2025\/07\/IMG-20250704-WA0022.jpg 1536w\" sizes=\"(max-width: 768px) 100vw, 768px\" \/><\/a><\/figure>\n<\/figure>\n","protected":false},"excerpt":{"rendered":"<p>Il coordinatore Giuseppe Piller Cottrer spiega come si svilupper\u00e0 la preparazione<\/p>\n","protected":false},"author":14,"featured_media":116202,"comment_status":"open","ping_status":"open","sticky":false,"template":"","format":"standard","meta":{"_acf_changed":false,"footnotes":""},"categories":[7,6,8],"tags":[],"acf":[],"_links":{"self":[{"href":"https:\/\/comitati.fisi.org\/friuli-venezia-giulia\/wp-json\/wp\/v2\/posts\/116196"}],"collection":[{"href":"https:\/\/comitati.fisi.org\/friuli-venezia-giulia\/wp-json\/wp\/v2\/posts"}],"about":[{"href":"https:\/\/comitati.fisi.org\/friuli-venezia-giulia\/wp-json\/wp\/v2\/types\/post"}],"author":[{"embeddable":true,"href":"https:\/\/comitati.fisi.org\/friuli-venezia-giulia\/wp-json\/wp\/v2\/users\/14"}],"replies":[{"embeddable":true,"href":"https:\/\/comitati.fisi.org\/friuli-venezia-giulia\/wp-json\/wp\/v2\/comments?post=116196"}],"version-history":[{"count":4,"href":"https:\/\/comitati.fisi.org\/friuli-venezia-giulia\/wp-json\/wp\/v2\/posts\/116196\/revisions"}],"predecessor-version":[{"id":116209,"href":"https:\/\/comitati.fisi.org\/friuli-venezia-giulia\/wp-json\/wp\/v2\/posts\/116196\/revisions\/116209"}],"wp:featuredmedia":[{"embeddable":true,"href":"https:\/\/comitati.fisi.org\/friuli-venezia-giulia\/wp-json\/wp\/v2\/media\/116202"}],"wp:attachment":[{"href":"https:\/\/comitati.fisi.org\/friuli-venezia-giulia\/wp-json\/wp\/v2\/media?parent=116196"}],"wp:term":[{"taxonomy":"category","embeddable":true,"href":"https:\/\/comitati.fisi.org\/friuli-venezia-giulia\/wp-json\/wp\/v2\/categories?post=116196"},{"taxonomy":"post_tag","embeddable":true,"href":"https:\/\/comitati.fisi.org\/friuli-venezia-giulia\/wp-json\/wp\/v2\/tags?post=116196"}],"curies":[{"name":"wp","href":"https:\/\/api.w.org\/{rel}","templated":true}]}}