{"id":115671,"date":"2025-05-05T13:02:10","date_gmt":"2025-05-05T13:02:10","guid":{"rendered":"https:\/\/comitati.fisi.org\/friuli-venezia-giulia\/?p=115671"},"modified":"2025-05-05T14:49:42","modified_gmt":"2025-05-05T14:49:42","slug":"anche-nel-2025-la-coppa-italia-di-skiroll-si-apre-a-trieste","status":"publish","type":"post","link":"https:\/\/comitati.fisi.org\/friuli-venezia-giulia\/blog\/2025\/05\/05\/anche-nel-2025-la-coppa-italia-di-skiroll-si-apre-a-trieste\/","title":{"rendered":"Anche nel 2025 la Coppa Italia di skiroll si apre a Sgonico"},"content":{"rendered":"\n<p>E\u2019 stato definito il calendario della Coppa Italia 2025 di skiroll, che prevede undici tappe per venti gare totali. La stagione vivr\u00e0 un interessante prologo sabato 24 maggio all\u2019autodromo di Monza con una mass start promozionale, il via ufficiale \u00e8 previsto<strong> sabato 14 e domenica 15 giugno a Trieste\/Sgonico <\/strong>con sprint e mass start (organizza l&#8217;<strong>ASD Mladina<\/strong>), seguiti sabato 21 e domenica 22 giugno da sprint e prova in salita che assegner\u00e0 anche il titolo italiano di specialit\u00e0. Maranello (Mo) ospiter\u00e0 nel fine settimana successivo (sabato 28 giugno) una mass start, accoppiata domenica 29 giugno con una gara in salita promozionale a San Marino. Sabato 5 e domenica 6 luglio sar\u00e0 invece la Liguria a ospitare una sprint a Cicagna e una gara in salita a Santo Stefano D\u2019Aveto domenica 6, mentre a Valle Pesio si terranno una sprint lunga sabato 26 e una individuale domenica 27 luglio.<\/p>\n\n\n\n<p>Ad agosto \u00e8 previsto un solo evento a Verrayes (Ao) con una sprint sabato 2 e un prologo-inseguimento domenica 3, l\u2019attivit\u00e0 riprender\u00e0 a settembre con prologo e inseguimento a Pinzolo sabato 6 e domenica 7, entrambi valevoli per il Summer Fis. Darfo Boario (Bs) terr\u00e0 a battesimo una sprint sabato 13 settembre e una mass start domenica 14 settembre, mentre a Sovere (Bg) si disputer\u00e0 sabato 20 settembre una gara in salita, seguita sabato 27 e domenica 28 settembre a Bobbio (Pc) da una sprint e da una gara in salita individuale. Il Trofeo Sportful aprir\u00e0 il mese di ottobre domenica 5 ottobre come appuntamento promozionale, il rush finale si aprir\u00e0 a Trento con una sprint sabato 18 ottobre e una gara in salita a Monte Bondone domenica 19 ottobre, per concludersi sabato 25 a Valdobbiadene con una sprint lunga e <strong>domenica 26 ottobre a Caneva <\/strong>con una gara in salita.<\/p>\n","protected":false},"excerpt":{"rendered":"<p>Appuntamento come da tradizione a met\u00e0 giugno, organizza l&#8217;ASD Mladina<\/p>\n","protected":false},"author":14,"featured_media":115672,"comment_status":"open","ping_status":"open","sticky":false,"template":"","format":"standard","meta":{"_acf_changed":false,"footnotes":""},"categories":[7,6,8],"tags":[],"acf":[],"_links":{"self":[{"href":"https:\/\/comitati.fisi.org\/friuli-venezia-giulia\/wp-json\/wp\/v2\/posts\/115671"}],"collection":[{"href":"https:\/\/comitati.fisi.org\/friuli-venezia-giulia\/wp-json\/wp\/v2\/posts"}],"about":[{"href":"https:\/\/comitati.fisi.org\/friuli-venezia-giulia\/wp-json\/wp\/v2\/types\/post"}],"author":[{"embeddable":true,"href":"https:\/\/comitati.fisi.org\/friuli-venezia-giulia\/wp-json\/wp\/v2\/users\/14"}],"replies":[{"embeddable":true,"href":"https:\/\/comitati.fisi.org\/friuli-venezia-giulia\/wp-json\/wp\/v2\/comments?post=115671"}],"version-history":[{"count":3,"href":"https:\/\/comitati.fisi.org\/friuli-venezia-giulia\/wp-json\/wp\/v2\/posts\/115671\/revisions"}],"predecessor-version":[{"id":115676,"href":"https:\/\/comitati.fisi.org\/friuli-venezia-giulia\/wp-json\/wp\/v2\/posts\/115671\/revisions\/115676"}],"wp:featuredmedia":[{"embeddable":true,"href":"https:\/\/comitati.fisi.org\/friuli-venezia-giulia\/wp-json\/wp\/v2\/media\/115672"}],"wp:attachment":[{"href":"https:\/\/comitati.fisi.org\/friuli-venezia-giulia\/wp-json\/wp\/v2\/media?parent=115671"}],"wp:term":[{"taxonomy":"category","embeddable":true,"href":"https:\/\/comitati.fisi.org\/friuli-venezia-giulia\/wp-json\/wp\/v2\/categories?post=115671"},{"taxonomy":"post_tag","embeddable":true,"href":"https:\/\/comitati.fisi.org\/friuli-venezia-giulia\/wp-json\/wp\/v2\/tags?post=115671"}],"curies":[{"name":"wp","href":"https:\/\/api.w.org\/{rel}","templated":true}]}}