{"id":115005,"date":"2025-03-07T09:37:15","date_gmt":"2025-03-07T09:37:15","guid":{"rendered":"https:\/\/comitati.fisi.org\/friuli-venezia-giulia\/?p=115005"},"modified":"2025-03-07T12:44:26","modified_gmt":"2025-03-07T12:44:26","slug":"a-sella-nevea-le-finali-della-coppa-del-mondo-di-sci-paralimpico-per-le-prove-veloci","status":"publish","type":"post","link":"https:\/\/comitati.fisi.org\/friuli-venezia-giulia\/blog\/2025\/03\/07\/a-sella-nevea-le-finali-della-coppa-del-mondo-di-sci-paralimpico-per-le-prove-veloci\/","title":{"rendered":"A Sella Nevea le finali della Coppa del Mondo di sci paralimpico per le prove veloci"},"content":{"rendered":"\n<p>&#8220;Ancora una volta la montagna e gli impianti sciistici della nostra regione si confermano luoghi ideali per accogliere grandi eventi internazionali. Grazie alla Coppa del mondo di sci paralimpico, lo sport, l&#8217;inclusione e la promozione del territorio tornano protagonisti in Friuli Venezia Giulia. La Regione sta investendo molto per accrescere la propria visibilit\u00e0 e la riconoscibilit\u00e0 a livello globale: manifestazioni di questo calibro possono dare una forte spinta nel perseguire questo obiettivo&#8221;.<br>Cos\u00ec \u00e8 intervenuto oggi a Trieste l&#8217;assessore regionale alle Attivit\u00e0 produttive e Turismo Sergio Emidio Bini alla presentazione delle finali di CdM delle discipline veloci di sci paralimpico, in programma a Sella Nevea dal 10 al 16 marzo. Alla rassegna di carattere internazionale, organizzata dallo Sci club Pordenone, parteciperanno 57 atleti provenienti da 21 nazioni, che si confronteranno nelle prove di discesa libera e supergigante sulla pista del monte Canin.<br>Nel corso della conferenza stampa, a cui hanno partecipato &#8211; tra gli altri &#8211; il direttore sportivo dello Sci club Pordenone Luigi Porracin e il presidente della Federazione italiana sport invernali paralimpici Paolo Tavian, Bini ha posto l&#8217;accento sulla &#8220;capacit\u00e0 di creare proficue sinergie tra diverse realt\u00e0 del territorio, grazie alle quali \u00e8 possibile arrivare a organizzare manifestazioni di tale portata&#8221;.<br>L&#8217;assessore ha inoltre sottolineato come &#8220;la Coppa del mondo andr\u00e0 a coronare un&#8217;annata record sulle piste del Friuli Venezia Giulia, che ha visto anche Sella Nevea protagonista&#8221;, ricordando che, dall&#8217;inizio della stagione, le presenze sulle piste nel polo di Sella Nevea hanno gi\u00e0 superato quota 45 mila sciatori, con un aumento del +9,6% rispetto allo stesso periodo dello scorso anno.<br>Entrando nel dettaglio del calendario della manifestazione, le gare si svolgeranno il 12, 13, 15 e 16 marzo a seguito dei due giorni di prove ufficiali previste per il 10 e 11 marzo. Nella giornata di riposo del 14 marzo \u00e8 in programma anche una visita guidata alle miniere di Cave del Predil, alla presenza dell&#8217;ex sciatrice azzurra Lucia Mazzotti e del campione olimpico di canoa a Londra 2012 Daniele Molmenti.<\/p>\n","protected":false},"excerpt":{"rendered":"<p>Organizza lo Sci Club Pordenone<\/p>\n","protected":false},"author":14,"featured_media":115004,"comment_status":"open","ping_status":"open","sticky":false,"template":"","format":"standard","meta":{"_acf_changed":false,"footnotes":""},"categories":[7,6,8],"tags":[],"acf":[],"_links":{"self":[{"href":"https:\/\/comitati.fisi.org\/friuli-venezia-giulia\/wp-json\/wp\/v2\/posts\/115005"}],"collection":[{"href":"https:\/\/comitati.fisi.org\/friuli-venezia-giulia\/wp-json\/wp\/v2\/posts"}],"about":[{"href":"https:\/\/comitati.fisi.org\/friuli-venezia-giulia\/wp-json\/wp\/v2\/types\/post"}],"author":[{"embeddable":true,"href":"https:\/\/comitati.fisi.org\/friuli-venezia-giulia\/wp-json\/wp\/v2\/users\/14"}],"replies":[{"embeddable":true,"href":"https:\/\/comitati.fisi.org\/friuli-venezia-giulia\/wp-json\/wp\/v2\/comments?post=115005"}],"version-history":[{"count":1,"href":"https:\/\/comitati.fisi.org\/friuli-venezia-giulia\/wp-json\/wp\/v2\/posts\/115005\/revisions"}],"predecessor-version":[{"id":115006,"href":"https:\/\/comitati.fisi.org\/friuli-venezia-giulia\/wp-json\/wp\/v2\/posts\/115005\/revisions\/115006"}],"wp:featuredmedia":[{"embeddable":true,"href":"https:\/\/comitati.fisi.org\/friuli-venezia-giulia\/wp-json\/wp\/v2\/media\/115004"}],"wp:attachment":[{"href":"https:\/\/comitati.fisi.org\/friuli-venezia-giulia\/wp-json\/wp\/v2\/media?parent=115005"}],"wp:term":[{"taxonomy":"category","embeddable":true,"href":"https:\/\/comitati.fisi.org\/friuli-venezia-giulia\/wp-json\/wp\/v2\/categories?post=115005"},{"taxonomy":"post_tag","embeddable":true,"href":"https:\/\/comitati.fisi.org\/friuli-venezia-giulia\/wp-json\/wp\/v2\/tags?post=115005"}],"curies":[{"name":"wp","href":"https:\/\/api.w.org\/{rel}","templated":true}]}}