{"id":114500,"date":"2025-02-22T11:00:30","date_gmt":"2025-02-22T11:00:30","guid":{"rendered":"https:\/\/comitati.fisi.org\/friuli-venezia-giulia\/?p=114500"},"modified":"2025-02-22T14:59:46","modified_gmt":"2025-02-22T14:59:46","slug":"anna-carboni-campionessa-italiana-cittadini-di-gigante","status":"publish","type":"post","link":"https:\/\/comitati.fisi.org\/friuli-venezia-giulia\/blog\/2025\/02\/22\/anna-carboni-campionessa-italiana-cittadini-di-gigante\/","title":{"rendered":"Anna Carboni campionessa italiana Cittadini di gigante"},"content":{"rendered":"\n<p>Anna Carboni si \u00e8 laureata campionessa italiana Cittadini di slalom gigante.<br>La diciassettenne dello Sci Club 70 di Trieste si \u00e8 piazzata seconda nella gara FIS disputata a Folgaria ed essendoci davanti a lei (di 0&#8243;36) solo Christina Buehler del Liechtenstein, ha ottenuto la medaglia d&#8217;oro tricolore.<br>Al termine della prima manche Anna era quarta assoluta e seconda delle italiane alle spalle di Chiara Roat. Poi nella seconda discesa \u00e8 stata la pi\u00f9 veloce di tutti, guadagnandosi cos\u00ec il titolo e salendo per la sesta volta in stagione su un podio FIS. La ragazza allenata da Francesco Zancol\u00f2 \u00e8 stata peraltro anche la migliore della categoria Giovani.<\/p>\n\n\n\n<p><a href=\"https:\/\/live.fis-ski.com\/lv-al5435.htm#\/follow\" data-type=\"link\" data-id=\"https:\/\/live.fis-ski.com\/lv-al5435.htm#\/follow\">CLASSIFICA<\/a><\/p>\n","protected":false},"excerpt":{"rendered":"<p>La 17enne dello Sci club 70 Trieste conquista il titolo tricolore a Folgaria<\/p>\n","protected":false},"author":14,"featured_media":114533,"comment_status":"open","ping_status":"open","sticky":false,"template":"","format":"standard","meta":{"_acf_changed":false,"footnotes":""},"categories":[6,8],"tags":[],"acf":[],"_links":{"self":[{"href":"https:\/\/comitati.fisi.org\/friuli-venezia-giulia\/wp-json\/wp\/v2\/posts\/114500"}],"collection":[{"href":"https:\/\/comitati.fisi.org\/friuli-venezia-giulia\/wp-json\/wp\/v2\/posts"}],"about":[{"href":"https:\/\/comitati.fisi.org\/friuli-venezia-giulia\/wp-json\/wp\/v2\/types\/post"}],"author":[{"embeddable":true,"href":"https:\/\/comitati.fisi.org\/friuli-venezia-giulia\/wp-json\/wp\/v2\/users\/14"}],"replies":[{"embeddable":true,"href":"https:\/\/comitati.fisi.org\/friuli-venezia-giulia\/wp-json\/wp\/v2\/comments?post=114500"}],"version-history":[{"count":1,"href":"https:\/\/comitati.fisi.org\/friuli-venezia-giulia\/wp-json\/wp\/v2\/posts\/114500\/revisions"}],"predecessor-version":[{"id":114501,"href":"https:\/\/comitati.fisi.org\/friuli-venezia-giulia\/wp-json\/wp\/v2\/posts\/114500\/revisions\/114501"}],"wp:featuredmedia":[{"embeddable":true,"href":"https:\/\/comitati.fisi.org\/friuli-venezia-giulia\/wp-json\/wp\/v2\/media\/114533"}],"wp:attachment":[{"href":"https:\/\/comitati.fisi.org\/friuli-venezia-giulia\/wp-json\/wp\/v2\/media?parent=114500"}],"wp:term":[{"taxonomy":"category","embeddable":true,"href":"https:\/\/comitati.fisi.org\/friuli-venezia-giulia\/wp-json\/wp\/v2\/categories?post=114500"},{"taxonomy":"post_tag","embeddable":true,"href":"https:\/\/comitati.fisi.org\/friuli-venezia-giulia\/wp-json\/wp\/v2\/tags?post=114500"}],"curies":[{"name":"wp","href":"https:\/\/api.w.org\/{rel}","templated":true}]}}