{"id":114096,"date":"2025-02-15T10:50:51","date_gmt":"2025-02-15T10:50:51","guid":{"rendered":"https:\/\/comitati.fisi.org\/friuli-venezia-giulia\/?p=114096"},"modified":"2025-02-20T07:52:58","modified_gmt":"2025-02-20T07:52:58","slug":"alex-perissutti-terzo-juniores-nella-coppa-italia-biathlon","status":"publish","type":"post","link":"https:\/\/comitati.fisi.org\/friuli-venezia-giulia\/blog\/2025\/02\/15\/alex-perissutti-terzo-juniores-nella-coppa-italia-biathlon\/","title":{"rendered":"Coppa Italia biathlon: Astrid Pl\u00f6sch prima, Sophia Zardini seconda, Alex Perissutti terzo"},"content":{"rendered":"\n<p>Prima giornata di gare a Valdidentro per la Coppa Italia di biathlon, inserita nell&#8217;ambito della FESA Cup, quindi con atleti provenienti anche da altre nazioni.<br>In programma una Sprint.<\/p>\n\n\n\n<p>Nei 10 km Juniores, gara vinta da Felix Ratschiller (2), <strong>terzo posto<\/strong> a soli 6&#8243;3 per <strong>Alex Perissutti<\/strong> (<strong><em>nella foto)<\/em><\/strong>, penalizzato da 4 errori, tutti nella serie in piedi. In una gara con distacchi molto ridotti, il compaesano di Forni di Sopra<strong> Cesare Lozza<\/strong> (1) \u00e8 giunto sesto (quinto in Coppa Italia) davanti a <strong>Pietro Pallober,<\/strong> perfetto al tiro.<br>Nella 7.5 km Giovani si impone Hannes Bacher, con <strong>Marco Da Pozzo<\/strong> ottavo (sesto in CI), mentre tra gli Aspiranti <strong>Flippo Tach<\/strong> \u00e8 sesto e <strong>Samuele Degano <\/strong>ottavo nella gara vinta da Mauro Ravelli.<br>La prova Senior \u00e8 stata vinta da David Zingerle, con <strong>Daniele Fauner <\/strong>settimo (quinto in CI).<br><br>Successivamente si \u00e8 svolta la Sprint femminile e nella 7.5 km Juniores \u00e8 arrivato il<strong> successo della tarvisiana Astrid Pl\u00f6sch<\/strong> (<strong><em>nella foto<\/em><\/strong>) davanti a <strong>Sophia Zardini, esponente della squadra FISI FVG.<\/strong> <br>Nella 6 km Giovani, vinta da Tanja Wanker, quindicesimo posto di Coppa Italia per <strong>Sofia Bedolli<\/strong> e diciassettesimo per <strong>Angelica Romanin<\/strong>. <br>Infine la 6 km Aspiranti, con vittoria di Lucia Brocchiero, mentre <strong>Marta Menia Tamon<\/strong> \u00e8 giunta 24a, immediatamente davanti a <strong>Greta Colleselli.<\/strong><\/p>\n\n\n\n<p>Domenica di nuovo in pista per la Short Individual.<\/p>\n\n\n\n<div data-wp-interactive=\"core\/file\" class=\"wp-block-file\"><object data-wp-bind--hidden=\"!state.hasPdfPreview\"  class=\"wp-block-file__embed\" data=\"https:\/\/comitati.fisi.org\/friuli-venezia-giulia\/wp-content\/uploads\/sites\/34\/2025\/02\/CLASSIFICHE-MASCHILI-COPPA-ITALIA.pdf\" type=\"application\/pdf\" style=\"width:100%;height:600px\" aria-label=\"Incorporamento di CLASSIFICHE MASCHILI SP COPPA ITALIA.\"><\/object><a id=\"wp-block-file--media-0e68259e-88ba-420d-8662-df20ef345d91\" href=\"https:\/\/comitati.fisi.org\/friuli-venezia-giulia\/wp-content\/uploads\/sites\/34\/2025\/02\/CLASSIFICHE-MASCHILI-COPPA-ITALIA.pdf\">CLASSIFICHE MASCHILI SP COPPA ITALIA<\/a><a href=\"https:\/\/comitati.fisi.org\/friuli-venezia-giulia\/wp-content\/uploads\/sites\/34\/2025\/02\/CLASSIFICHE-MASCHILI-COPPA-ITALIA.pdf\" class=\"wp-block-file__button wp-element-button\" download aria-describedby=\"wp-block-file--media-0e68259e-88ba-420d-8662-df20ef345d91\">Download<\/a><\/div>\n\n\n\n<div data-wp-interactive=\"core\/file\" class=\"wp-block-file\"><object data-wp-bind--hidden=\"!state.hasPdfPreview\"  class=\"wp-block-file__embed\" data=\"https:\/\/comitati.fisi.org\/friuli-venezia-giulia\/wp-content\/uploads\/sites\/34\/2025\/02\/CLASSIFICHE-MASCHILI-150225.pdf\" type=\"application\/pdf\" style=\"width:100%;height:600px\" aria-label=\"Incorporamento di CLASSIFICHE MASCHILI SP FESA.\"><\/object><a id=\"wp-block-file--media-f137a14a-eb02-441b-935f-6328210f5cd8\" href=\"https:\/\/comitati.fisi.org\/friuli-venezia-giulia\/wp-content\/uploads\/sites\/34\/2025\/02\/CLASSIFICHE-MASCHILI-150225.pdf\">CLASSIFICHE MASCHILI SP FESA<\/a><a href=\"https:\/\/comitati.fisi.org\/friuli-venezia-giulia\/wp-content\/uploads\/sites\/34\/2025\/02\/CLASSIFICHE-MASCHILI-150225.pdf\" class=\"wp-block-file__button wp-element-button\" download aria-describedby=\"wp-block-file--media-f137a14a-eb02-441b-935f-6328210f5cd8\">Download<\/a><\/div>\n\n\n\n<div data-wp-interactive=\"core\/file\" class=\"wp-block-file\"><object data-wp-bind--hidden=\"!state.hasPdfPreview\"  class=\"wp-block-file__embed\" data=\"https:\/\/comitati.fisi.org\/friuli-venezia-giulia\/wp-content\/uploads\/sites\/34\/2025\/02\/CLASSIFICHE-FEMMINILI-COPPA-ITALIA.pdf\" type=\"application\/pdf\" style=\"width:100%;height:600px\" aria-label=\"Incorporamento di CLASSIFICHE FEMMINILI SP COPPA ITALIA.\"><\/object><a id=\"wp-block-file--media-86ab5951-c630-458e-b14a-b57d88b76f51\" href=\"https:\/\/comitati.fisi.org\/friuli-venezia-giulia\/wp-content\/uploads\/sites\/34\/2025\/02\/CLASSIFICHE-FEMMINILI-COPPA-ITALIA.pdf\">CLASSIFICHE FEMMINILI SP COPPA ITALIA<\/a><a href=\"https:\/\/comitati.fisi.org\/friuli-venezia-giulia\/wp-content\/uploads\/sites\/34\/2025\/02\/CLASSIFICHE-FEMMINILI-COPPA-ITALIA.pdf\" class=\"wp-block-file__button wp-element-button\" download aria-describedby=\"wp-block-file--media-86ab5951-c630-458e-b14a-b57d88b76f51\">Download<\/a><\/div>\n\n\n\n<div data-wp-interactive=\"core\/file\" class=\"wp-block-file\"><object data-wp-bind--hidden=\"!state.hasPdfPreview\"  class=\"wp-block-file__embed\" data=\"https:\/\/comitati.fisi.org\/friuli-venezia-giulia\/wp-content\/uploads\/sites\/34\/2025\/02\/CLASSIFICHE-FEMMINILI-150225.pdf\" type=\"application\/pdf\" style=\"width:100%;height:600px\" aria-label=\"Incorporamento di CLASSIFICHE FEMMINILI SP FESA.\"><\/object><a id=\"wp-block-file--media-4c7a9524-8e7d-40f7-bcf8-b3fa123aa24f\" href=\"https:\/\/comitati.fisi.org\/friuli-venezia-giulia\/wp-content\/uploads\/sites\/34\/2025\/02\/CLASSIFICHE-FEMMINILI-150225.pdf\">CLASSIFICHE FEMMINILI SP FESA<\/a><a href=\"https:\/\/comitati.fisi.org\/friuli-venezia-giulia\/wp-content\/uploads\/sites\/34\/2025\/02\/CLASSIFICHE-FEMMINILI-150225.pdf\" class=\"wp-block-file__button wp-element-button\" download aria-describedby=\"wp-block-file--media-4c7a9524-8e7d-40f7-bcf8-b3fa123aa24f\">Download<\/a><\/div>\n","protected":false},"excerpt":{"rendered":"<p>Oggi a Valdidentro la Sprint, valida anche per la FESA Cup<\/p>\n","protected":false},"author":14,"featured_media":111451,"comment_status":"open","ping_status":"open","sticky":false,"template":"","format":"standard","meta":{"_acf_changed":false,"footnotes":""},"categories":[7,6,8],"tags":[],"acf":[],"_links":{"self":[{"href":"https:\/\/comitati.fisi.org\/friuli-venezia-giulia\/wp-json\/wp\/v2\/posts\/114096"}],"collection":[{"href":"https:\/\/comitati.fisi.org\/friuli-venezia-giulia\/wp-json\/wp\/v2\/posts"}],"about":[{"href":"https:\/\/comitati.fisi.org\/friuli-venezia-giulia\/wp-json\/wp\/v2\/types\/post"}],"author":[{"embeddable":true,"href":"https:\/\/comitati.fisi.org\/friuli-venezia-giulia\/wp-json\/wp\/v2\/users\/14"}],"replies":[{"embeddable":true,"href":"https:\/\/comitati.fisi.org\/friuli-venezia-giulia\/wp-json\/wp\/v2\/comments?post=114096"}],"version-history":[{"count":7,"href":"https:\/\/comitati.fisi.org\/friuli-venezia-giulia\/wp-json\/wp\/v2\/posts\/114096\/revisions"}],"predecessor-version":[{"id":114371,"href":"https:\/\/comitati.fisi.org\/friuli-venezia-giulia\/wp-json\/wp\/v2\/posts\/114096\/revisions\/114371"}],"wp:featuredmedia":[{"embeddable":true,"href":"https:\/\/comitati.fisi.org\/friuli-venezia-giulia\/wp-json\/wp\/v2\/media\/111451"}],"wp:attachment":[{"href":"https:\/\/comitati.fisi.org\/friuli-venezia-giulia\/wp-json\/wp\/v2\/media?parent=114096"}],"wp:term":[{"taxonomy":"category","embeddable":true,"href":"https:\/\/comitati.fisi.org\/friuli-venezia-giulia\/wp-json\/wp\/v2\/categories?post=114096"},{"taxonomy":"post_tag","embeddable":true,"href":"https:\/\/comitati.fisi.org\/friuli-venezia-giulia\/wp-json\/wp\/v2\/tags?post=114096"}],"curies":[{"name":"wp","href":"https:\/\/api.w.org\/{rel}","templated":true}]}}