{"id":113365,"date":"2025-01-28T16:09:12","date_gmt":"2025-01-28T16:09:12","guid":{"rendered":"https:\/\/comitati.fisi.org\/friuli-venezia-giulia\/?p=113365"},"modified":"2025-01-28T16:16:29","modified_gmt":"2025-01-28T16:16:29","slug":"cancellate-la-coppa-europa-femminile-e-le-fis-maschili-di-sella-nevea","status":"publish","type":"post","link":"https:\/\/comitati.fisi.org\/friuli-venezia-giulia\/blog\/2025\/01\/28\/cancellate-la-coppa-europa-femminile-e-le-fis-maschili-di-sella-nevea\/","title":{"rendered":"Cancellate la Coppa Europa femminile e le FIS maschili di Sella Nevea"},"content":{"rendered":"\n<p>Le condizioni meteo degli ultimi giorni, con abbondante pioggia caduta, impongono purtroppo la cancellazione dei prossimi due appuntamenti internazionali previsti a Sella Nevea.<\/p>\n\n\n\n<p>L&#8217;US Camporosso ha infatti comunicato che non \u00e8 possibile disputare le discese libere femminili di Coppa Europa, previste mercoled\u00ec 29 e gioved\u00ec 30 gennaio. Gi\u00e0 non era stato possibile svolgere le prove cronometrate ieri e oggi; poi questo pomeriggio l&#8217;organizzazione \u00e8 stata costretta ad alzare definitivamente bandiera bianca. &#8220;Ci abbiamo provato, ma contro i capricci del meteo non potevamo fare di pi\u00f9&#8221;, si legge in una nota della societ\u00e0.<\/p>\n\n\n\n<p>Niente da fare, per lo stesso motivo, nemmeno per le discese FIS maschili previste dal 5 al 7 febbraio. La cancellazione \u00e8 definitiva, comunica lo Sci CAI XXX Ottobre, non essendoci la possibilit\u00e0 di un recupero.<\/p>\n\n\n\n<p><strong><em>(nella foto tratta dai profili social dell&#8217;US Camporosso, la situazione oggi a Sella Nevea)<\/em><\/strong><\/p>\n","protected":false},"excerpt":{"rendered":"<p>La decisione in considerazione dell&#8217;abbondante pioggia caduta in questi giorni<\/p>\n","protected":false},"author":14,"featured_media":113366,"comment_status":"open","ping_status":"open","sticky":false,"template":"","format":"standard","meta":{"_acf_changed":false,"footnotes":""},"categories":[7,6,8],"tags":[],"acf":[],"_links":{"self":[{"href":"https:\/\/comitati.fisi.org\/friuli-venezia-giulia\/wp-json\/wp\/v2\/posts\/113365"}],"collection":[{"href":"https:\/\/comitati.fisi.org\/friuli-venezia-giulia\/wp-json\/wp\/v2\/posts"}],"about":[{"href":"https:\/\/comitati.fisi.org\/friuli-venezia-giulia\/wp-json\/wp\/v2\/types\/post"}],"author":[{"embeddable":true,"href":"https:\/\/comitati.fisi.org\/friuli-venezia-giulia\/wp-json\/wp\/v2\/users\/14"}],"replies":[{"embeddable":true,"href":"https:\/\/comitati.fisi.org\/friuli-venezia-giulia\/wp-json\/wp\/v2\/comments?post=113365"}],"version-history":[{"count":3,"href":"https:\/\/comitati.fisi.org\/friuli-venezia-giulia\/wp-json\/wp\/v2\/posts\/113365\/revisions"}],"predecessor-version":[{"id":113369,"href":"https:\/\/comitati.fisi.org\/friuli-venezia-giulia\/wp-json\/wp\/v2\/posts\/113365\/revisions\/113369"}],"wp:featuredmedia":[{"embeddable":true,"href":"https:\/\/comitati.fisi.org\/friuli-venezia-giulia\/wp-json\/wp\/v2\/media\/113366"}],"wp:attachment":[{"href":"https:\/\/comitati.fisi.org\/friuli-venezia-giulia\/wp-json\/wp\/v2\/media?parent=113365"}],"wp:term":[{"taxonomy":"category","embeddable":true,"href":"https:\/\/comitati.fisi.org\/friuli-venezia-giulia\/wp-json\/wp\/v2\/categories?post=113365"},{"taxonomy":"post_tag","embeddable":true,"href":"https:\/\/comitati.fisi.org\/friuli-venezia-giulia\/wp-json\/wp\/v2\/tags?post=113365"}],"curies":[{"name":"wp","href":"https:\/\/api.w.org\/{rel}","templated":true}]}}