{"id":111298,"date":"2024-11-28T07:44:48","date_gmt":"2024-11-28T07:44:48","guid":{"rendered":"https:\/\/comitati.fisi.org\/friuli-venezia-giulia\/?p=111298"},"modified":"2024-12-12T14:09:20","modified_gmt":"2024-12-12T14:09:20","slug":"meeting-dei-direttori-di-gara-fisi-fvg-ecco-come-aderire","status":"publish","type":"post","link":"https:\/\/comitati.fisi.org\/friuli-venezia-giulia\/blog\/2024\/11\/28\/meeting-dei-direttori-di-gara-fisi-fvg-ecco-come-aderire\/","title":{"rendered":"Corso di formazione per Direttore di Gara, ecco come aderire"},"content":{"rendered":"\n<p>A cura della Commissione Giudici di Gara del Comitato FISI FVG, marted\u00ec 10 dicembre presso la Sala riunioni di Udine Mercati (in Piazza dell&#8217;Agricoltura a Udine), si terr\u00e0 un corso di formazione della figura di Direttore di Gara per le discipline sci alpino, fondo e biathlon. <br><strong>IMPORTANTE<\/strong> <strong>La &#8220;vecchia&#8221; lista dei Direttori di Gara \u00e8 definitivamente decaduta: di conseguenza questo corso consentir\u00e0 l&#8217;inserimento nel nuovo Albo ufficiale. In sostanza, tutti coloro che intendono svolgere (o continuare a svolgere) il ruolo di Direttore di Gara sono tenuti alla partecipazione.<\/strong> I Giudici di Gara in servizio attivo sono esentati alla partecipazione in quanto gi\u00e0 in possesso della dovuta abilitazione. <br>Il corso si svolger\u00e0 dalle ore 18.30 alle 22.30 con accreditamento dalle ore 18.15 e verter\u00e0 in una parte di formazione, cui seguir\u00e0 al termine un test di valutazione dell&#8217;apprendimento.<br>Ricordiamo che la figura del Direttore di Gara ha, per il ruolo che gli compete, un&#8217;importanza fondamentale nell&#8217;economia e nell&#8217;organizzazione di una gara, in quanto membro effettivo della Giuria.<br>Il Direttore di Gara che parteciper\u00e0 al Corso sar\u00e0 inserito nell&#8217;apposito Albo e dovr\u00e0 aggiornarsi ogni due anni. Inoltre per partecipare dovr\u00e0 essere in regola con il tesseramento FISI per la corrente stagione.<br>Gli interessati potranno iscriversi sull&#8217;apposito Modulo Google Form (<a href=\"https:\/\/docs.google.com\/forms\/d\/e\/1FAIpQLSeyhuYHwr8zQR_l0K3Rn1hbpcJZOjOKYqZeExJ6NeAcfLWClQ\/viewform?usp=sf_link\" data-type=\"link\" data-id=\"https:\/\/docs.google.com\/forms\/d\/e\/1FAIpQLSeyhuYHwr8zQR_l0K3Rn1hbpcJZOjOKYqZeExJ6NeAcfLWClQ\/viewform?pli=1\">CLICCANDO QUI<\/a>) indicando nome e cognome, societ\u00e0 di appartenenza e indirizzo mail.<\/p>\n","protected":false},"excerpt":{"rendered":"<p>Per le discipline sci alpino, fondo e biathlon<\/p>\n","protected":false},"author":14,"featured_media":76445,"comment_status":"open","ping_status":"open","sticky":false,"template":"","format":"standard","meta":{"_acf_changed":false,"footnotes":""},"categories":[6],"tags":[],"acf":[],"_links":{"self":[{"href":"https:\/\/comitati.fisi.org\/friuli-venezia-giulia\/wp-json\/wp\/v2\/posts\/111298"}],"collection":[{"href":"https:\/\/comitati.fisi.org\/friuli-venezia-giulia\/wp-json\/wp\/v2\/posts"}],"about":[{"href":"https:\/\/comitati.fisi.org\/friuli-venezia-giulia\/wp-json\/wp\/v2\/types\/post"}],"author":[{"embeddable":true,"href":"https:\/\/comitati.fisi.org\/friuli-venezia-giulia\/wp-json\/wp\/v2\/users\/14"}],"replies":[{"embeddable":true,"href":"https:\/\/comitati.fisi.org\/friuli-venezia-giulia\/wp-json\/wp\/v2\/comments?post=111298"}],"version-history":[{"count":5,"href":"https:\/\/comitati.fisi.org\/friuli-venezia-giulia\/wp-json\/wp\/v2\/posts\/111298\/revisions"}],"predecessor-version":[{"id":111349,"href":"https:\/\/comitati.fisi.org\/friuli-venezia-giulia\/wp-json\/wp\/v2\/posts\/111298\/revisions\/111349"}],"wp:featuredmedia":[{"embeddable":true,"href":"https:\/\/comitati.fisi.org\/friuli-venezia-giulia\/wp-json\/wp\/v2\/media\/76445"}],"wp:attachment":[{"href":"https:\/\/comitati.fisi.org\/friuli-venezia-giulia\/wp-json\/wp\/v2\/media?parent=111298"}],"wp:term":[{"taxonomy":"category","embeddable":true,"href":"https:\/\/comitati.fisi.org\/friuli-venezia-giulia\/wp-json\/wp\/v2\/categories?post=111298"},{"taxonomy":"post_tag","embeddable":true,"href":"https:\/\/comitati.fisi.org\/friuli-venezia-giulia\/wp-json\/wp\/v2\/tags?post=111298"}],"curies":[{"name":"wp","href":"https:\/\/api.w.org\/{rel}","templated":true}]}}