{"id":110181,"date":"2024-08-31T13:06:47","date_gmt":"2024-08-31T13:06:47","guid":{"rendered":"https:\/\/comitati.fisi.org\/friuli-venezia-giulia\/?p=110181"},"modified":"2024-09-02T15:50:07","modified_gmt":"2024-09-02T15:50:07","slug":"vittozzi-romanin-scattolo-lozza-4-medaglie-fvg-nella-sprint-dei-campionati-italiani-estivi-di-biathlon-a-forni-avoltri","status":"publish","type":"post","link":"https:\/\/comitati.fisi.org\/friuli-venezia-giulia\/blog\/2024\/08\/31\/vittozzi-romanin-scattolo-lozza-4-medaglie-fvg-nella-sprint-dei-campionati-italiani-estivi-di-biathlon-a-forni-avoltri\/","title":{"rendered":"Vittozzi-Romanin-Scattolo-Lozza: 4 medaglie FVG nella Sprint dei Campionati Italiani Estivi di biathlon a Forni Avoltri"},"content":{"rendered":"\n<p class=\"has-medium-font-size\">Prima giornata di gare oggi alla Carnia Arena di Forni Avoltri per i Campionati Italiani Estivi di biathlon, organizzati da ASD Monte Coglians e Sci CAI Trieste.<\/p>\n\n\n\n<p class=\"has-medium-font-size\">In programma la prova Sprint, che ha visto 4 medaglie per gli atleti FVG. Spicca il dominio di Lisa Vittozzi (<strong><em>nella foto<\/em><\/strong>) nella 7.5 km Seniores: la vincitrice dell&#8217;ultima Coppa del Mondo, che ha commesso un errore in piedi, ha preceduto di 2&#8217;14&#8243;3 Martina Trabucchi (1) e di 2&#8217;35&#8221; Rebecca Passler (2).<br><br>Nella 10 km Sprint maschile ottimo secondo posto per il &#8220;padrone&#8221; di casa Nicola Romanin, che con una serie perfetta al tiro ha chiuso a soli 7&#8243;7 da Lukas Hofer (2), precedendo di 6&#8243;7 Tommaso Giacomel (2). Un podio da ricordare per il classe 1994 del Cs Esercito. Quarto a 36&#8243;8 Daniele Cappellari (0), ottavo a 2&#8217;01&#8243;7 Fabio Piller Cottrer (0), tredicesimo a 3&#8217;09&#8243;2 Daniele Fauner (3).<br><br>Un argento \u00e8 arrivato anche da Sara Scattolo, seconda nella 7.5 km Juniores\/U22 alle spalle di Birgit Schoelzhorn (4), lontana 25&#8243;3. Quarta a 1&#8217;13&#8243;1 Sophia Zardini della Monte Coglians, preceduta di 16&#8243;1 da Francesca Brocchero, che ha cos\u00ec completato un podio tutto targato CS Esercito.<br><br>Il poker di podi FVG \u00e8 completato da Cesare Lozza, che con un pieno al poligono \u00e8 bronzo nella 10 km Juniores maschile a 18&#8243;9 dal vincitore Nicol\u00f2 Betemps (0) e a 16&#8243;2 dal secondo classificato, Christoph Pircher (2). Settimo a 1&#8217;32&#8243;4 Pietro Pallober della Monte Coglians (0), decimo a 2&#8217;15&#8221; Alex Perissutti (6). <br><br>Nella 6 km Giovani\/U19 femminile ottava Sofia Bedolli dei Camosci (2) immediatamente davanti a Maya Pividori (3) nella prova dominata da Carlotta Gautero, mentre nella corrispondente categoria maschile, sui 7.5 km, il successo \u00e8 andato a Hannes Bacher, con Andrea Da Corte della Monte Coglians setimo con 4 errori a 36&#8243; dal podio.<br><br>I primi a partire erano stati gli Aspiranti\/U17: nella 7.5 km maschile  vinta da Andreas Braunhofer, il migliore FVG \u00e8 stato Filippo Tach della Monte Coglians, tredicesimo con 3 errori, mentre nella 6 km femminile, che ha visto il successo di Magal\u00ec Miraglio Mellano, Greta Colleselli del Lussari \u00e8 giunta dodicesima (3).<\/p>\n\n\n\n<p class=\"has-medium-font-size\">Domenica di nuovo in pista dalle 9 per l&#8217;Inseguimento.<\/p>\n\n\n\n<p class=\"has-medium-font-size\">Proponiamo le classifiche della Sprint, start list e info dell&#8217;Inseguimento.<\/p>\n\n\n\n<div data-wp-interactive=\"core\/file\" class=\"wp-block-file\"><object data-wp-bind--hidden=\"!state.hasPdfPreview\"  class=\"wp-block-file__embed\" data=\"https:\/\/comitati.fisi.org\/friuli-venezia-giulia\/wp-content\/uploads\/sites\/34\/2024\/08\/Classifiche-U17.pdf\" type=\"application\/pdf\" style=\"width:100%;height:600px\" aria-label=\"Incorporamento di Classifiche-U17.\"><\/object><a id=\"wp-block-file--media-072cc1ff-7dcf-4f79-ac7f-d32275f0fd9f\" href=\"https:\/\/comitati.fisi.org\/friuli-venezia-giulia\/wp-content\/uploads\/sites\/34\/2024\/08\/Classifiche-U17.pdf\">Classifiche-U17<\/a><a href=\"https:\/\/comitati.fisi.org\/friuli-venezia-giulia\/wp-content\/uploads\/sites\/34\/2024\/08\/Classifiche-U17.pdf\" class=\"wp-block-file__button wp-element-button\" download aria-describedby=\"wp-block-file--media-072cc1ff-7dcf-4f79-ac7f-d32275f0fd9f\">Download<\/a><\/div>\n\n\n\n<div data-wp-interactive=\"core\/file\" class=\"wp-block-file\"><object data-wp-bind--hidden=\"!state.hasPdfPreview\"  class=\"wp-block-file__embed\" data=\"https:\/\/comitati.fisi.org\/friuli-venezia-giulia\/wp-content\/uploads\/sites\/34\/2024\/08\/Classifiche-U19-U22-SEN.pdf\" type=\"application\/pdf\" style=\"width:100%;height:600px\" aria-label=\"Incorporamento di Classifiche-U19-U22-SEN.\"><\/object><a id=\"wp-block-file--media-99202c3e-cbfd-4536-8bbd-29a9142f614a\" href=\"https:\/\/comitati.fisi.org\/friuli-venezia-giulia\/wp-content\/uploads\/sites\/34\/2024\/08\/Classifiche-U19-U22-SEN.pdf\">Classifiche-U19-U22-SEN<\/a><a href=\"https:\/\/comitati.fisi.org\/friuli-venezia-giulia\/wp-content\/uploads\/sites\/34\/2024\/08\/Classifiche-U19-U22-SEN.pdf\" class=\"wp-block-file__button wp-element-button\" download aria-describedby=\"wp-block-file--media-99202c3e-cbfd-4536-8bbd-29a9142f614a\">Download<\/a><\/div>\n\n\n\n<div data-wp-interactive=\"core\/file\" class=\"wp-block-file\"><object data-wp-bind--hidden=\"!state.hasPdfPreview\"  class=\"wp-block-file__embed\" data=\"https:\/\/comitati.fisi.org\/friuli-venezia-giulia\/wp-content\/uploads\/sites\/34\/2024\/08\/INSEGUIMENTO_ODP_ASPIRANTI.pdf\" type=\"application\/pdf\" style=\"width:100%;height:600px\" aria-label=\"Incorporamento di INSEGUIMENTO_ODP_ASPIRANTI.\"><\/object><a id=\"wp-block-file--media-8f7ebb06-20de-49bc-b7fb-53365a845e97\" href=\"https:\/\/comitati.fisi.org\/friuli-venezia-giulia\/wp-content\/uploads\/sites\/34\/2024\/08\/INSEGUIMENTO_ODP_ASPIRANTI.pdf\">INSEGUIMENTO_ODP_ASPIRANTI<\/a><a href=\"https:\/\/comitati.fisi.org\/friuli-venezia-giulia\/wp-content\/uploads\/sites\/34\/2024\/08\/INSEGUIMENTO_ODP_ASPIRANTI.pdf\" class=\"wp-block-file__button wp-element-button\" download aria-describedby=\"wp-block-file--media-8f7ebb06-20de-49bc-b7fb-53365a845e97\">Download<\/a><\/div>\n\n\n\n<div data-wp-interactive=\"core\/file\" class=\"wp-block-file\"><object data-wp-bind--hidden=\"!state.hasPdfPreview\"  class=\"wp-block-file__embed\" data=\"https:\/\/comitati.fisi.org\/friuli-venezia-giulia\/wp-content\/uploads\/sites\/34\/2024\/08\/INSEGUIMENTO_ORDINE-DI-PARTENZA_G-J-SEN.pdf\" type=\"application\/pdf\" style=\"width:100%;height:600px\" aria-label=\"Incorporamento di INSEGUIMENTO_ORDINE-DI-PARTENZA_G-J-SEN.\"><\/object><a id=\"wp-block-file--media-7cbce2c3-01b8-4c7b-bb6d-8eea811e4326\" href=\"https:\/\/comitati.fisi.org\/friuli-venezia-giulia\/wp-content\/uploads\/sites\/34\/2024\/08\/INSEGUIMENTO_ORDINE-DI-PARTENZA_G-J-SEN.pdf\">INSEGUIMENTO_ORDINE-DI-PARTENZA_G-J-SEN<\/a><a href=\"https:\/\/comitati.fisi.org\/friuli-venezia-giulia\/wp-content\/uploads\/sites\/34\/2024\/08\/INSEGUIMENTO_ORDINE-DI-PARTENZA_G-J-SEN.pdf\" class=\"wp-block-file__button wp-element-button\" download aria-describedby=\"wp-block-file--media-7cbce2c3-01b8-4c7b-bb6d-8eea811e4326\">Download<\/a><\/div>\n\n\n\n<div data-wp-interactive=\"core\/file\" class=\"wp-block-file\"><object data-wp-bind--hidden=\"!state.hasPdfPreview\"  class=\"wp-block-file__embed\" data=\"https:\/\/comitati.fisi.org\/friuli-venezia-giulia\/wp-content\/uploads\/sites\/34\/2024\/08\/info-gara-inseguimento-1.pdf\" type=\"application\/pdf\" style=\"width:100%;height:600px\" aria-label=\"Incorporamento di info-gara-inseguimento-1.\"><\/object><a id=\"wp-block-file--media-287f9b4b-ef29-4795-88f3-66d522e61bda\" href=\"https:\/\/comitati.fisi.org\/friuli-venezia-giulia\/wp-content\/uploads\/sites\/34\/2024\/08\/info-gara-inseguimento-1.pdf\">info-gara-inseguimento-1<\/a><a href=\"https:\/\/comitati.fisi.org\/friuli-venezia-giulia\/wp-content\/uploads\/sites\/34\/2024\/08\/info-gara-inseguimento-1.pdf\" class=\"wp-block-file__button wp-element-button\" download aria-describedby=\"wp-block-file--media-287f9b4b-ef29-4795-88f3-66d522e61bda\">Download<\/a><\/div>\n","protected":false},"excerpt":{"rendered":"<p>Prima giornata di gare oggi alla Carnia Arena<\/p>\n","protected":false},"author":14,"featured_media":110205,"comment_status":"open","ping_status":"open","sticky":false,"template":"","format":"standard","meta":{"_acf_changed":false,"footnotes":""},"categories":[7,5,6],"tags":[],"acf":[],"_links":{"self":[{"href":"https:\/\/comitati.fisi.org\/friuli-venezia-giulia\/wp-json\/wp\/v2\/posts\/110181"}],"collection":[{"href":"https:\/\/comitati.fisi.org\/friuli-venezia-giulia\/wp-json\/wp\/v2\/posts"}],"about":[{"href":"https:\/\/comitati.fisi.org\/friuli-venezia-giulia\/wp-json\/wp\/v2\/types\/post"}],"author":[{"embeddable":true,"href":"https:\/\/comitati.fisi.org\/friuli-venezia-giulia\/wp-json\/wp\/v2\/users\/14"}],"replies":[{"embeddable":true,"href":"https:\/\/comitati.fisi.org\/friuli-venezia-giulia\/wp-json\/wp\/v2\/comments?post=110181"}],"version-history":[{"count":9,"href":"https:\/\/comitati.fisi.org\/friuli-venezia-giulia\/wp-json\/wp\/v2\/posts\/110181\/revisions"}],"predecessor-version":[{"id":110220,"href":"https:\/\/comitati.fisi.org\/friuli-venezia-giulia\/wp-json\/wp\/v2\/posts\/110181\/revisions\/110220"}],"wp:featuredmedia":[{"embeddable":true,"href":"https:\/\/comitati.fisi.org\/friuli-venezia-giulia\/wp-json\/wp\/v2\/media\/110205"}],"wp:attachment":[{"href":"https:\/\/comitati.fisi.org\/friuli-venezia-giulia\/wp-json\/wp\/v2\/media?parent=110181"}],"wp:term":[{"taxonomy":"category","embeddable":true,"href":"https:\/\/comitati.fisi.org\/friuli-venezia-giulia\/wp-json\/wp\/v2\/categories?post=110181"},{"taxonomy":"post_tag","embeddable":true,"href":"https:\/\/comitati.fisi.org\/friuli-venezia-giulia\/wp-json\/wp\/v2\/tags?post=110181"}],"curies":[{"name":"wp","href":"https:\/\/api.w.org\/{rel}","templated":true}]}}