{"id":110128,"date":"2024-08-24T11:32:06","date_gmt":"2024-08-24T11:32:06","guid":{"rendered":"https:\/\/comitati.fisi.org\/friuli-venezia-giulia\/?p=110128"},"modified":"2024-08-24T11:32:56","modified_gmt":"2024-08-24T11:32:56","slug":"i-risultati-del-test-della-squadra-regionale-di-biathlon-2","status":"publish","type":"post","link":"https:\/\/comitati.fisi.org\/friuli-venezia-giulia\/blog\/2024\/08\/24\/i-risultati-del-test-della-squadra-regionale-di-biathlon-2\/","title":{"rendered":"I risultati del test della squadra regionale di biathlon"},"content":{"rendered":"\n<p class=\"has-medium-font-size\">Alla Carnia Arena di Piani di Luzza si \u00e8 svolto oggi un test della squadra regionale di biathlon, presenti anche alcuni ragazzi altoatesini.<\/p>\n\n\n\n<p class=\"has-medium-font-size\">In programma una MiniSprint e un MiniPursuit propedeutici ai Campionati Italiani Estivi, in programma nel prossimo fine settimana proprio a Forni Avoltri (<strong><em>in coda al testo il Programma<\/em><\/strong>).<\/p>\n\n\n\n<p class=\"has-medium-font-size\">Nella prima gara maschile, sulla distanza di 6 km, il miglior tempo \u00e8 stato realizzato da Marco Da Pozzo, che ha preceduto di 12&#8243; Pietro Pallober e di 54&#8243; Marco Iorio. Sesto posto per la Junior Sofia Zardini, che ha gareggiato con i maschi.<\/p>\n\n\n\n<p class=\"has-medium-font-size\">Nella 4.8 km Sprint femminile la pi\u00f9 veloce \u00e8 stata la classe 2009 Greta Colleselli e anche in questo caso il secondo posto, occupato da Sofia Bedolli, \u00e8 distante 12&#8243;. Terza a 1&#8217;11&#8221; Angelica Romanin.<\/p>\n\n\n\n<p class=\"has-medium-font-size\">Successivamente si \u00e8 svolto l&#8217;inseguimento, con distacchi dimezzati. Nella 6.5 km ad inseguimento maschile viene riconfermato il podio della Sprint, con Da Pozzo che precede di 1&#8217;15&#8221; Pallober e di 2&#8217;14&#8221; Marco Iorio.<br>Al termine della 5 km femminile Bedolli precede di 1&#8217;40&#8221; Colleselli e di 2&#8217;24&#8221; Sofia Del Fabbro.<\/p>\n\n\n\n<p class=\"has-text-align-center has-medium-font-size\"><strong>CLASSIFICHE<\/strong><\/p>\n\n\n\n<div data-wp-interactive=\"core\/file\" class=\"wp-block-file\"><object data-wp-bind--hidden=\"!state.hasPdfPreview\"  class=\"wp-block-file__embed\" data=\"https:\/\/comitati.fisi.org\/friuli-venezia-giulia\/wp-content\/uploads\/sites\/34\/2024\/08\/Classifica-Sprint-maschile.pdf\" type=\"application\/pdf\" style=\"width:100%;height:600px\" aria-label=\"Incorporamento di Classifica-Sprint-maschile.\"><\/object><a id=\"wp-block-file--media-614dc95a-d014-45ff-8252-b5f037f3e7d8\" href=\"https:\/\/comitati.fisi.org\/friuli-venezia-giulia\/wp-content\/uploads\/sites\/34\/2024\/08\/Classifica-Sprint-maschile.pdf\">Classifica-Sprint-maschile<\/a><a href=\"https:\/\/comitati.fisi.org\/friuli-venezia-giulia\/wp-content\/uploads\/sites\/34\/2024\/08\/Classifica-Sprint-maschile.pdf\" class=\"wp-block-file__button wp-element-button\" download aria-describedby=\"wp-block-file--media-614dc95a-d014-45ff-8252-b5f037f3e7d8\">Download<\/a><\/div>\n\n\n\n<div data-wp-interactive=\"core\/file\" class=\"wp-block-file\"><object data-wp-bind--hidden=\"!state.hasPdfPreview\"  class=\"wp-block-file__embed\" data=\"https:\/\/comitati.fisi.org\/friuli-venezia-giulia\/wp-content\/uploads\/sites\/34\/2024\/08\/Classifica-Sprint-femminile.pdf\" type=\"application\/pdf\" style=\"width:100%;height:600px\" aria-label=\"Incorporamento di Classifica-Sprint-femminile.\"><\/object><a id=\"wp-block-file--media-d45039d4-ecd3-4e8f-800c-0190803a6030\" href=\"https:\/\/comitati.fisi.org\/friuli-venezia-giulia\/wp-content\/uploads\/sites\/34\/2024\/08\/Classifica-Sprint-femminile.pdf\">Classifica-Sprint-femminile<\/a><a href=\"https:\/\/comitati.fisi.org\/friuli-venezia-giulia\/wp-content\/uploads\/sites\/34\/2024\/08\/Classifica-Sprint-femminile.pdf\" class=\"wp-block-file__button wp-element-button\" download aria-describedby=\"wp-block-file--media-d45039d4-ecd3-4e8f-800c-0190803a6030\">Download<\/a><\/div>\n\n\n\n<div data-wp-interactive=\"core\/file\" class=\"wp-block-file\"><object data-wp-bind--hidden=\"!state.hasPdfPreview\"  class=\"wp-block-file__embed\" data=\"https:\/\/comitati.fisi.org\/friuli-venezia-giulia\/wp-content\/uploads\/sites\/34\/2024\/08\/Classifica-Inseguimento-maschile-e-femminile.pdf\" type=\"application\/pdf\" style=\"width:100%;height:600px\" aria-label=\"Incorporamento di Classifica-Inseguimento-maschile-e-femminile.\"><\/object><a id=\"wp-block-file--media-890bc769-50a8-467d-8ca9-0bcf8f1d1e9f\" href=\"https:\/\/comitati.fisi.org\/friuli-venezia-giulia\/wp-content\/uploads\/sites\/34\/2024\/08\/Classifica-Inseguimento-maschile-e-femminile.pdf\">Classifica-Inseguimento-maschile-e-femminile<\/a><a href=\"https:\/\/comitati.fisi.org\/friuli-venezia-giulia\/wp-content\/uploads\/sites\/34\/2024\/08\/Classifica-Inseguimento-maschile-e-femminile.pdf\" class=\"wp-block-file__button wp-element-button\" download aria-describedby=\"wp-block-file--media-890bc769-50a8-467d-8ca9-0bcf8f1d1e9f\">Download<\/a><\/div>\n\n\n\n<div data-wp-interactive=\"core\/file\" class=\"wp-block-file\"><object data-wp-bind--hidden=\"!state.hasPdfPreview\"  class=\"wp-block-file__embed\" data=\"https:\/\/comitati.fisi.org\/friuli-venezia-giulia\/wp-content\/uploads\/sites\/34\/2024\/08\/PROGRAMMA-CAMPIONATI-ITALIANI-ESTIVI.pdf\" type=\"application\/pdf\" style=\"width:100%;height:600px\" aria-label=\"Incorporamento di PROGRAMMA-CAMPIONATI-ITALIANI-ESTIVI.\"><\/object><a id=\"wp-block-file--media-80245036-00c0-40b9-a891-a18b1ed41a2f\" href=\"https:\/\/comitati.fisi.org\/friuli-venezia-giulia\/wp-content\/uploads\/sites\/34\/2024\/08\/PROGRAMMA-CAMPIONATI-ITALIANI-ESTIVI.pdf\">PROGRAMMA-CAMPIONATI-ITALIANI-ESTIVI<\/a><a href=\"https:\/\/comitati.fisi.org\/friuli-venezia-giulia\/wp-content\/uploads\/sites\/34\/2024\/08\/PROGRAMMA-CAMPIONATI-ITALIANI-ESTIVI.pdf\" class=\"wp-block-file__button wp-element-button\" download aria-describedby=\"wp-block-file--media-80245036-00c0-40b9-a891-a18b1ed41a2f\">Download<\/a><\/div>\n\n\n\n<p class=\"has-text-align-center has-medium-font-size\"><strong>VIDEO<\/strong><\/p>\n\n\n\n<figure class=\"wp-block-video\"><video controls src=\"https:\/\/comitati.fisi.org\/friuli-venezia-giulia\/wp-content\/uploads\/sites\/34\/2024\/08\/VID-20240824-WA0001.mp4\"><\/video><\/figure>\n\n\n\n<figure class=\"wp-block-video\"><video controls src=\"https:\/\/comitati.fisi.org\/friuli-venezia-giulia\/wp-content\/uploads\/sites\/34\/2024\/08\/VID-20240824-WA0002.mp4\"><\/video><\/figure>\n\n\n\n<figure class=\"wp-block-video\"><video controls src=\"https:\/\/comitati.fisi.org\/friuli-venezia-giulia\/wp-content\/uploads\/sites\/34\/2024\/08\/VID-20240824-WA0003.mp4\"><\/video><\/figure>\n\n\n\n<figure class=\"wp-block-video\"><video controls src=\"https:\/\/comitati.fisi.org\/friuli-venezia-giulia\/wp-content\/uploads\/sites\/34\/2024\/08\/VID-20240824-WA0004.mp4\"><\/video><\/figure>\n","protected":false},"excerpt":{"rendered":"<p>In vista dei Campionati Italiani Estivi, in programma nel prossimo week-end a Forni Avoltri<\/p>\n","protected":false},"author":14,"featured_media":100332,"comment_status":"open","ping_status":"open","sticky":false,"template":"","format":"standard","meta":{"_acf_changed":false,"footnotes":""},"categories":[7,5,6],"tags":[],"acf":[],"_links":{"self":[{"href":"https:\/\/comitati.fisi.org\/friuli-venezia-giulia\/wp-json\/wp\/v2\/posts\/110128"}],"collection":[{"href":"https:\/\/comitati.fisi.org\/friuli-venezia-giulia\/wp-json\/wp\/v2\/posts"}],"about":[{"href":"https:\/\/comitati.fisi.org\/friuli-venezia-giulia\/wp-json\/wp\/v2\/types\/post"}],"author":[{"embeddable":true,"href":"https:\/\/comitati.fisi.org\/friuli-venezia-giulia\/wp-json\/wp\/v2\/users\/14"}],"replies":[{"embeddable":true,"href":"https:\/\/comitati.fisi.org\/friuli-venezia-giulia\/wp-json\/wp\/v2\/comments?post=110128"}],"version-history":[{"count":3,"href":"https:\/\/comitati.fisi.org\/friuli-venezia-giulia\/wp-json\/wp\/v2\/posts\/110128\/revisions"}],"predecessor-version":[{"id":110139,"href":"https:\/\/comitati.fisi.org\/friuli-venezia-giulia\/wp-json\/wp\/v2\/posts\/110128\/revisions\/110139"}],"wp:featuredmedia":[{"embeddable":true,"href":"https:\/\/comitati.fisi.org\/friuli-venezia-giulia\/wp-json\/wp\/v2\/media\/100332"}],"wp:attachment":[{"href":"https:\/\/comitati.fisi.org\/friuli-venezia-giulia\/wp-json\/wp\/v2\/media?parent=110128"}],"wp:term":[{"taxonomy":"category","embeddable":true,"href":"https:\/\/comitati.fisi.org\/friuli-venezia-giulia\/wp-json\/wp\/v2\/categories?post=110128"},{"taxonomy":"post_tag","embeddable":true,"href":"https:\/\/comitati.fisi.org\/friuli-venezia-giulia\/wp-json\/wp\/v2\/tags?post=110128"}],"curies":[{"name":"wp","href":"https:\/\/api.w.org\/{rel}","templated":true}]}}