{"id":3172,"date":"2026-04-21T07:30:38","date_gmt":"2026-04-21T07:30:38","guid":{"rendered":"https:\/\/comitati.fisi.org\/alto-adige\/?p=3172"},"modified":"2026-04-21T07:34:51","modified_gmt":"2026-04-21T07:34:51","slug":"alcuni-atleti-locali-degli-sport-invernali-posticipano-la-pausa-estiva","status":"publish","type":"post","link":"https:\/\/comitati.fisi.org\/alto-adige\/blog\/2026\/04\/21\/alcuni-atleti-locali-degli-sport-invernali-posticipano-la-pausa-estiva\/","title":{"rendered":"Alcuni atleti locali degli sport invernali posticipano la pausa estiva"},"content":{"rendered":"\n<p>A Prali, in Piemonte, la scorsa settimana le sciatrici e gli sciatori delle discipline tecniche sono stati impegnati in un fitto programma di gare. Si \u00e8 cominciato gioved\u00ec e venerd\u00ec con un gigante femminile e uno maschile al giorno, seguiti sabato e domenica da uno slalom femminile e uno maschile al giorno. Alle gare hanno preso parte anche atleti altoatesini. In campo maschile ha brillato Lukas Sieder (Campo di Trens) con la vittoria del primo gigante: lo sciatore della squadra zonale ha lasciato alle proprie spalle Edoardo Simonelli e Juno Mazzucconi. Anche Alenah Taschler ha ottenuto un buon risultato: gioved\u00ec la sciatrice della Val Casies si \u00e8 classificata terza nel primo gigante femminile, alle spalle di Leandra Zehnder (Svizzera) e Beatrice Mazzoleni.<\/p>\n\n\n\n<p>Ottimi risultati sono arrivati anche dagli slalom FIS del fine settimana a Prali. Lukas Sieder \u00e8 andato a podio in entrambe le gare maschili. Sabato lo sciatore dell\u2019Alta Val d\u2019Isarco si \u00e8 classificato secondo alle spalle dell\u2019albanese Denni Xhepa, domenica ha gioito dal gradino pi\u00f9 alto del podio. Contemporaneamente a Milano si sono tenute le premiazioni del circuito Gran Premio d\u2019Italia e le atlete e gli atleti dell\u2019Alto Adige hanno potuto festeggiare gli ottimi risultati ottenuti nel corso dell\u2019anno. Nella classifica generale femminile della categoria \u201cGiovani\u201d (classi dal 2005 al 2009) vinta da Sofia Parravicini, la gardenese Arianna Putzer, tre anni pi\u00f9 giovane della vincitrice, si \u00e8 classificata seconda. Nadine Trocker (Seiser Alm Skiteam) ha chiuso al quarto posto, Nora Damian (Tires) della squadra zonale al quinto. In campo maschile, invece, due atleti della squadra zonale altoatesina sono entrati nella top5 generale dei Giovani: Max Clara (S. Vigilio di Marebbe) si \u00e8 classificato secondo alle spalle di Peter Corbellini, mentre David Castlunger (La Villa) ha chiuso al quinto posto.<\/p>\n\n\n\n<p>Atlete e atleti altoatesini sono andati a podio anche nelle classifiche delle discipline tecniche e veloci. Nelle discipline tecniche delle \u201cGiovani\u201d, Nora Pernstich (Aldino) si \u00e8 classificata terza alle spalle di Giulia Romele e Parravicini. Nelle discipline veloci, Rita Granruaz (Badia) si \u00e8 classificata seconda alle spalle di Parravicini, mentre Arianna Putzer ha chiuso al terzo posto. Per quanto riguarda le classifiche maschili dei \u201cGiovani\u201d, nelle discipline tecniche Max Clara e David Castlunger si sono posizionati rispettivamente al secondo e terzo posto alle spalle di Corbellini.<\/p>\n\n\n\n<p><strong>Gamper e Rifesser sfiorano il podio in discesa libera<\/strong><\/p>\n\n\n\n<p>A Pila la scorsa settimana sono andate in scena le ultime gare dei Campionati italiani della categoria \u201cGiovani\u201d. Gioved\u00ec si \u00e8 svolta la discesa libera maschile. Gli altoatesini Noah Gamper (Marlengo) della squadra zonale e Mike Rifesser (Ski Team Alta Badia) si sono classificati quarto e quinto, mancando di poco il podio. Il titolo \u00e8 andato a Luca Ruffinoni. Lo stesso giorno si \u00e8 tenuta un\u2019altra discesa libera, valida per il Gran Premio d\u2019Italia, nella quale Gamper \u00e8 arrivato terzo alle spalle di Ruffinoni e Glauco Antonioli.<\/p>\n\n\n\n<p>Lo scorso fine settimana si \u00e8 tenuta ancora una gara anche per le atlete e gli atleti U16. Nel comprensorio sciistico di Hochzeigerm in Tirolo, si \u00e8 svolto il 51\u00b0 \u201cDreil\u00e4ndervergleich\u201d tra i comitati di Alto Adige, Tirolo e Baviera. Le promesse altoatesine si sono messe in luce con ottimi risultati. Sabato Amy Happacher (3 Zinnen Dolomites) si \u00e8 imposta nel gigante davanti a Lea Putzer (SC Gardena). In campo maschile Simon Kaser (Seiser Alm Skiteam) si \u00e8 classificato secondo alle spalle del tirolese Ruiz Herzog. Domenica si \u00e8 proseguito poi con lo slalom. In campo femminile ha vinto di nuovo Amy Happacher, stavolta davanti a Hannah Mahlknecht (Seiser Alm Skiteam). Nello slalom maschile Simon Kaser si \u00e8 classificato terzo alle spalle del tirolese Finn Neururer e del bavarese Toni Sindel.<\/p>\n\n\n\n<figure class=\"wp-block-gallery has-nested-images columns-default is-cropped wp-block-gallery-1 is-layout-flex wp-block-gallery-is-layout-flex\">\n<figure class=\"wp-block-image size-large\"><img loading=\"lazy\" decoding=\"async\" width=\"783\" height=\"1024\" data-id=\"3170\" src=\"https:\/\/comitati.fisi.org\/alto-adige\/wp-content\/uploads\/sites\/24\/2026\/04\/Taschler_Alenah_Rechts-a_destra_FIS_GS_Prali-783x1024.jpeg\" alt=\"\" class=\"wp-image-3170\" srcset=\"https:\/\/comitati.fisi.org\/alto-adige\/wp-content\/uploads\/sites\/24\/2026\/04\/Taschler_Alenah_Rechts-a_destra_FIS_GS_Prali-783x1024.jpeg 783w, https:\/\/comitati.fisi.org\/alto-adige\/wp-content\/uploads\/sites\/24\/2026\/04\/Taschler_Alenah_Rechts-a_destra_FIS_GS_Prali-229x300.jpeg 229w, https:\/\/comitati.fisi.org\/alto-adige\/wp-content\/uploads\/sites\/24\/2026\/04\/Taschler_Alenah_Rechts-a_destra_FIS_GS_Prali-768x1005.jpeg 768w, https:\/\/comitati.fisi.org\/alto-adige\/wp-content\/uploads\/sites\/24\/2026\/04\/Taschler_Alenah_Rechts-a_destra_FIS_GS_Prali-1174x1536.jpeg 1174w, https:\/\/comitati.fisi.org\/alto-adige\/wp-content\/uploads\/sites\/24\/2026\/04\/Taschler_Alenah_Rechts-a_destra_FIS_GS_Prali.jpeg 1320w\" sizes=\"(max-width: 783px) 100vw, 783px\" \/><\/figure>\n\n\n\n<figure class=\"wp-block-image size-large\"><img loading=\"lazy\" decoding=\"async\" width=\"829\" height=\"1024\" data-id=\"3166\" src=\"https:\/\/comitati.fisi.org\/alto-adige\/wp-content\/uploads\/sites\/24\/2026\/04\/Sieder_Lukas_links-a_sinstra_FIS-SL_Prali-829x1024.jpeg\" alt=\"\" class=\"wp-image-3166\" srcset=\"https:\/\/comitati.fisi.org\/alto-adige\/wp-content\/uploads\/sites\/24\/2026\/04\/Sieder_Lukas_links-a_sinstra_FIS-SL_Prali-829x1024.jpeg 829w, https:\/\/comitati.fisi.org\/alto-adige\/wp-content\/uploads\/sites\/24\/2026\/04\/Sieder_Lukas_links-a_sinstra_FIS-SL_Prali-243x300.jpeg 243w, https:\/\/comitati.fisi.org\/alto-adige\/wp-content\/uploads\/sites\/24\/2026\/04\/Sieder_Lukas_links-a_sinstra_FIS-SL_Prali-768x949.jpeg 768w, https:\/\/comitati.fisi.org\/alto-adige\/wp-content\/uploads\/sites\/24\/2026\/04\/Sieder_Lukas_links-a_sinstra_FIS-SL_Prali.jpeg 978w\" sizes=\"(max-width: 829px) 100vw, 829px\" \/><\/figure>\n\n\n\n<figure class=\"wp-block-image size-large\"><img loading=\"lazy\" decoding=\"async\" width=\"576\" height=\"1024\" data-id=\"3164\" src=\"https:\/\/comitati.fisi.org\/alto-adige\/wp-content\/uploads\/sites\/24\/2026\/04\/Mahlknecht_Hannah_Happacher_Amy_Kaser_Simon_Dreilaendervergleich-576x1024.jpeg\" alt=\"\" class=\"wp-image-3164\" srcset=\"https:\/\/comitati.fisi.org\/alto-adige\/wp-content\/uploads\/sites\/24\/2026\/04\/Mahlknecht_Hannah_Happacher_Amy_Kaser_Simon_Dreilaendervergleich-576x1024.jpeg 576w, https:\/\/comitati.fisi.org\/alto-adige\/wp-content\/uploads\/sites\/24\/2026\/04\/Mahlknecht_Hannah_Happacher_Amy_Kaser_Simon_Dreilaendervergleich-169x300.jpeg 169w, https:\/\/comitati.fisi.org\/alto-adige\/wp-content\/uploads\/sites\/24\/2026\/04\/Mahlknecht_Hannah_Happacher_Amy_Kaser_Simon_Dreilaendervergleich-768x1365.jpeg 768w, https:\/\/comitati.fisi.org\/alto-adige\/wp-content\/uploads\/sites\/24\/2026\/04\/Mahlknecht_Hannah_Happacher_Amy_Kaser_Simon_Dreilaendervergleich-864x1536.jpeg 864w, https:\/\/comitati.fisi.org\/alto-adige\/wp-content\/uploads\/sites\/24\/2026\/04\/Mahlknecht_Hannah_Happacher_Amy_Kaser_Simon_Dreilaendervergleich.jpeg 1152w\" sizes=\"(max-width: 576px) 100vw, 576px\" \/><\/figure>\n\n\n\n<figure class=\"wp-block-image size-large\"><img loading=\"lazy\" decoding=\"async\" width=\"768\" height=\"1024\" data-id=\"3162\" src=\"https:\/\/comitati.fisi.org\/alto-adige\/wp-content\/uploads\/sites\/24\/2026\/04\/GPI_Technik-techniche_Herren-maschile_Giovani-768x1024.jpeg\" alt=\"\" class=\"wp-image-3162\" srcset=\"https:\/\/comitati.fisi.org\/alto-adige\/wp-content\/uploads\/sites\/24\/2026\/04\/GPI_Technik-techniche_Herren-maschile_Giovani-768x1024.jpeg 768w, https:\/\/comitati.fisi.org\/alto-adige\/wp-content\/uploads\/sites\/24\/2026\/04\/GPI_Technik-techniche_Herren-maschile_Giovani-225x300.jpeg 225w, https:\/\/comitati.fisi.org\/alto-adige\/wp-content\/uploads\/sites\/24\/2026\/04\/GPI_Technik-techniche_Herren-maschile_Giovani-1152x1536.jpeg 1152w, https:\/\/comitati.fisi.org\/alto-adige\/wp-content\/uploads\/sites\/24\/2026\/04\/GPI_Technik-techniche_Herren-maschile_Giovani-1536x2048.jpeg 1536w, https:\/\/comitati.fisi.org\/alto-adige\/wp-content\/uploads\/sites\/24\/2026\/04\/GPI_Technik-techniche_Herren-maschile_Giovani-scaled.jpeg 1920w\" sizes=\"(max-width: 768px) 100vw, 768px\" \/><\/figure>\n\n\n\n<figure class=\"wp-block-image size-large\"><img loading=\"lazy\" decoding=\"async\" width=\"768\" height=\"1024\" data-id=\"3160\" src=\"https:\/\/comitati.fisi.org\/alto-adige\/wp-content\/uploads\/sites\/24\/2026\/04\/GPI_Technik-techniche_Damen-femminile_Giovani-768x1024.jpeg\" alt=\"\" class=\"wp-image-3160\" srcset=\"https:\/\/comitati.fisi.org\/alto-adige\/wp-content\/uploads\/sites\/24\/2026\/04\/GPI_Technik-techniche_Damen-femminile_Giovani-768x1024.jpeg 768w, https:\/\/comitati.fisi.org\/alto-adige\/wp-content\/uploads\/sites\/24\/2026\/04\/GPI_Technik-techniche_Damen-femminile_Giovani-225x300.jpeg 225w, https:\/\/comitati.fisi.org\/alto-adige\/wp-content\/uploads\/sites\/24\/2026\/04\/GPI_Technik-techniche_Damen-femminile_Giovani-1152x1536.jpeg 1152w, https:\/\/comitati.fisi.org\/alto-adige\/wp-content\/uploads\/sites\/24\/2026\/04\/GPI_Technik-techniche_Damen-femminile_Giovani-1536x2048.jpeg 1536w, https:\/\/comitati.fisi.org\/alto-adige\/wp-content\/uploads\/sites\/24\/2026\/04\/GPI_Technik-techniche_Damen-femminile_Giovani-scaled.jpeg 1920w\" sizes=\"(max-width: 768px) 100vw, 768px\" \/><\/figure>\n\n\n\n<figure class=\"wp-block-image size-large\"><img loading=\"lazy\" decoding=\"async\" width=\"1024\" height=\"768\" data-id=\"3158\" src=\"https:\/\/comitati.fisi.org\/alto-adige\/wp-content\/uploads\/sites\/24\/2026\/04\/GPI_Speed-velocita_Damen-femminile_Giovani-1024x768.jpeg\" alt=\"\" class=\"wp-image-3158\" srcset=\"https:\/\/comitati.fisi.org\/alto-adige\/wp-content\/uploads\/sites\/24\/2026\/04\/GPI_Speed-velocita_Damen-femminile_Giovani-1024x768.jpeg 1024w, https:\/\/comitati.fisi.org\/alto-adige\/wp-content\/uploads\/sites\/24\/2026\/04\/GPI_Speed-velocita_Damen-femminile_Giovani-300x225.jpeg 300w, https:\/\/comitati.fisi.org\/alto-adige\/wp-content\/uploads\/sites\/24\/2026\/04\/GPI_Speed-velocita_Damen-femminile_Giovani-768x576.jpeg 768w, https:\/\/comitati.fisi.org\/alto-adige\/wp-content\/uploads\/sites\/24\/2026\/04\/GPI_Speed-velocita_Damen-femminile_Giovani-1536x1152.jpeg 1536w, https:\/\/comitati.fisi.org\/alto-adige\/wp-content\/uploads\/sites\/24\/2026\/04\/GPI_Speed-velocita_Damen-femminile_Giovani-2048x1536.jpeg 2048w\" sizes=\"(max-width: 1024px) 100vw, 1024px\" \/><\/figure>\n\n\n\n<figure class=\"wp-block-image size-large\"><img loading=\"lazy\" decoding=\"async\" width=\"768\" height=\"1024\" data-id=\"3156\" src=\"https:\/\/comitati.fisi.org\/alto-adige\/wp-content\/uploads\/sites\/24\/2026\/04\/GPI_Gesamtwertung-classifica_generale_Herren-maschile_Giovani-768x1024.jpeg\" alt=\"\" class=\"wp-image-3156\" srcset=\"https:\/\/comitati.fisi.org\/alto-adige\/wp-content\/uploads\/sites\/24\/2026\/04\/GPI_Gesamtwertung-classifica_generale_Herren-maschile_Giovani-768x1024.jpeg 768w, https:\/\/comitati.fisi.org\/alto-adige\/wp-content\/uploads\/sites\/24\/2026\/04\/GPI_Gesamtwertung-classifica_generale_Herren-maschile_Giovani-225x300.jpeg 225w, https:\/\/comitati.fisi.org\/alto-adige\/wp-content\/uploads\/sites\/24\/2026\/04\/GPI_Gesamtwertung-classifica_generale_Herren-maschile_Giovani-1152x1536.jpeg 1152w, https:\/\/comitati.fisi.org\/alto-adige\/wp-content\/uploads\/sites\/24\/2026\/04\/GPI_Gesamtwertung-classifica_generale_Herren-maschile_Giovani-1536x2048.jpeg 1536w, https:\/\/comitati.fisi.org\/alto-adige\/wp-content\/uploads\/sites\/24\/2026\/04\/GPI_Gesamtwertung-classifica_generale_Herren-maschile_Giovani-scaled.jpeg 1920w\" sizes=\"(max-width: 768px) 100vw, 768px\" \/><\/figure>\n\n\n\n<figure class=\"wp-block-image size-large\"><img loading=\"lazy\" decoding=\"async\" width=\"768\" height=\"1024\" data-id=\"3154\" src=\"https:\/\/comitati.fisi.org\/alto-adige\/wp-content\/uploads\/sites\/24\/2026\/04\/GPI_Gesamtwertung-classifica_generale_Damen-femminile_Giovani-768x1024.jpeg\" alt=\"\" class=\"wp-image-3154\" srcset=\"https:\/\/comitati.fisi.org\/alto-adige\/wp-content\/uploads\/sites\/24\/2026\/04\/GPI_Gesamtwertung-classifica_generale_Damen-femminile_Giovani-768x1024.jpeg 768w, https:\/\/comitati.fisi.org\/alto-adige\/wp-content\/uploads\/sites\/24\/2026\/04\/GPI_Gesamtwertung-classifica_generale_Damen-femminile_Giovani-225x300.jpeg 225w, https:\/\/comitati.fisi.org\/alto-adige\/wp-content\/uploads\/sites\/24\/2026\/04\/GPI_Gesamtwertung-classifica_generale_Damen-femminile_Giovani-1152x1536.jpeg 1152w, https:\/\/comitati.fisi.org\/alto-adige\/wp-content\/uploads\/sites\/24\/2026\/04\/GPI_Gesamtwertung-classifica_generale_Damen-femminile_Giovani-1536x2048.jpeg 1536w, https:\/\/comitati.fisi.org\/alto-adige\/wp-content\/uploads\/sites\/24\/2026\/04\/GPI_Gesamtwertung-classifica_generale_Damen-femminile_Giovani-scaled.jpeg 1920w\" sizes=\"(max-width: 768px) 100vw, 768px\" \/><\/figure>\n<\/figure>\n","protected":false},"excerpt":{"rendered":"<p>Bolzano, 20 aprile 2026 \u2013 Per la maggior parte delle atlete e degli atleti altoatesini attivi negli sport invernali, la stagione 2025\/26 \u00e8 ormai terminata. Non per tutti, per\u00f2: alcune sciatrici e alcuni sciatori sfruttano ancora le ultime gare nell\u2019arco alpino per continuare a migliorare. Lo hanno fatto, per esempio, alle gare FIS a Prali, e anche all\u2019ultima gara dei Campionati italiano \u201cGiovani\u201d a Pila e al \u201cDreil\u00e4ndervergleich\u201d nel comprensorio sciistico di Hochzeiger, in Tirolo.<\/p>\n","protected":false},"author":7,"featured_media":3168,"comment_status":"open","ping_status":"open","sticky":false,"template":"","format":"standard","meta":{"_acf_changed":false,"footnotes":""},"categories":[7,4,5,6],"tags":[],"acf":[],"_links":{"self":[{"href":"https:\/\/comitati.fisi.org\/alto-adige\/wp-json\/wp\/v2\/posts\/3172"}],"collection":[{"href":"https:\/\/comitati.fisi.org\/alto-adige\/wp-json\/wp\/v2\/posts"}],"about":[{"href":"https:\/\/comitati.fisi.org\/alto-adige\/wp-json\/wp\/v2\/types\/post"}],"author":[{"embeddable":true,"href":"https:\/\/comitati.fisi.org\/alto-adige\/wp-json\/wp\/v2\/users\/7"}],"replies":[{"embeddable":true,"href":"https:\/\/comitati.fisi.org\/alto-adige\/wp-json\/wp\/v2\/comments?post=3172"}],"version-history":[{"count":1,"href":"https:\/\/comitati.fisi.org\/alto-adige\/wp-json\/wp\/v2\/posts\/3172\/revisions"}],"predecessor-version":[{"id":3173,"href":"https:\/\/comitati.fisi.org\/alto-adige\/wp-json\/wp\/v2\/posts\/3172\/revisions\/3173"}],"wp:featuredmedia":[{"embeddable":true,"href":"https:\/\/comitati.fisi.org\/alto-adige\/wp-json\/wp\/v2\/media\/3168"}],"wp:attachment":[{"href":"https:\/\/comitati.fisi.org\/alto-adige\/wp-json\/wp\/v2\/media?parent=3172"}],"wp:term":[{"taxonomy":"category","embeddable":true,"href":"https:\/\/comitati.fisi.org\/alto-adige\/wp-json\/wp\/v2\/categories?post=3172"},{"taxonomy":"post_tag","embeddable":true,"href":"https:\/\/comitati.fisi.org\/alto-adige\/wp-json\/wp\/v2\/tags?post=3172"}],"curies":[{"name":"wp","href":"https:\/\/api.w.org\/{rel}","templated":true}]}}