{"id":2829,"date":"2026-03-14T14:22:13","date_gmt":"2026-03-14T14:22:13","guid":{"rendered":"https:\/\/comitati.fisi.org\/alto-adige\/?p=2829"},"modified":"2026-03-14T14:23:42","modified_gmt":"2026-03-14T14:23:42","slug":"bicampionessa-mondiale-juniores-anna-trocker-vince-anche-lo-slalom","status":"publish","type":"post","link":"https:\/\/comitati.fisi.org\/alto-adige\/blog\/2026\/03\/14\/bicampionessa-mondiale-juniores-anna-trocker-vince-anche-lo-slalom\/","title":{"rendered":"Bicampionessa mondiale juniores: Anna Trocker vince anche lo slalom"},"content":{"rendered":"\n<p><strong>Anna Trocker<\/strong> \u00e8 partita con il pettorale numero 1 e nella prima mance ha fatto segnare un fantastico tempo di 55\u201d71, che nessuna delle partecipanti scese dopo di lei \u00e8 riuscita a battere. Nella seconda manche la 17enne ha mantenuto i nervi saldi e ha difeso con superiorit\u00e0 la prima posizione. La sciatrice di Fi\u00e8 si \u00e8 imposta, indisturbata, con un tempo complessivo di 1\u201951\u201d59 e ha relegato Leonie Raich alla piazza d\u2019onore. L\u2019austriaca \u00e8 stata 2\u201d29 pi\u00f9 lenta dell\u2019altoatesina. Sul terzo gradino del podio \u00e8 salita la finlandese Aada Kanto, che nella seconda manche \u00e8 riuscita a salire otto posizioni. Il suo distacco da Trocker \u00e8 stato di 3\u201d78.<\/p>\n\n\n\n<p>Allo slalom di sabato ha preso parte anche un\u2019altra altoatesina, Victoria Klotz. La sciatrice bolzanina \u00e8 uscita nella prima manche. Per Trocker, invece, questa \u00e8 stata la terza medaglia ai Mondiali Juniores in Scandinavia. Oltre ai due ori ottenuti nel gigante e nello slalom, domenica scorsa aveva vinto l\u2019argento nella combinata a squadre insieme a Ludovica Righi.<\/p>\n","protected":false},"excerpt":{"rendered":"<p>Bolzano, 14 marzo 2026 \u2013 Dopo l\u2019oro vinto gioved\u00ec nel gigante, sabato Anna Trocker si \u00e8 imposta anche nello slalom. Cos\u00ec, la 17enne di Fi\u00e8 si \u00e8 aggiudicata entrambi i titoli delle discipline tecniche ai Mondiali Juniores di Narvik (Norvegia). Un\u2019impresa che finora, ai Mondiali Juniores, non era ancora riuscita a nessuno sciatore o sciatrice della nazionale italiana. <\/p>\n","protected":false},"author":7,"featured_media":2827,"comment_status":"open","ping_status":"open","sticky":false,"template":"","format":"standard","meta":{"_acf_changed":false,"footnotes":""},"categories":[7,4,5,6],"tags":[],"acf":[],"_links":{"self":[{"href":"https:\/\/comitati.fisi.org\/alto-adige\/wp-json\/wp\/v2\/posts\/2829"}],"collection":[{"href":"https:\/\/comitati.fisi.org\/alto-adige\/wp-json\/wp\/v2\/posts"}],"about":[{"href":"https:\/\/comitati.fisi.org\/alto-adige\/wp-json\/wp\/v2\/types\/post"}],"author":[{"embeddable":true,"href":"https:\/\/comitati.fisi.org\/alto-adige\/wp-json\/wp\/v2\/users\/7"}],"replies":[{"embeddable":true,"href":"https:\/\/comitati.fisi.org\/alto-adige\/wp-json\/wp\/v2\/comments?post=2829"}],"version-history":[{"count":3,"href":"https:\/\/comitati.fisi.org\/alto-adige\/wp-json\/wp\/v2\/posts\/2829\/revisions"}],"predecessor-version":[{"id":2833,"href":"https:\/\/comitati.fisi.org\/alto-adige\/wp-json\/wp\/v2\/posts\/2829\/revisions\/2833"}],"wp:featuredmedia":[{"embeddable":true,"href":"https:\/\/comitati.fisi.org\/alto-adige\/wp-json\/wp\/v2\/media\/2827"}],"wp:attachment":[{"href":"https:\/\/comitati.fisi.org\/alto-adige\/wp-json\/wp\/v2\/media?parent=2829"}],"wp:term":[{"taxonomy":"category","embeddable":true,"href":"https:\/\/comitati.fisi.org\/alto-adige\/wp-json\/wp\/v2\/categories?post=2829"},{"taxonomy":"post_tag","embeddable":true,"href":"https:\/\/comitati.fisi.org\/alto-adige\/wp-json\/wp\/v2\/tags?post=2829"}],"curies":[{"name":"wp","href":"https:\/\/api.w.org\/{rel}","templated":true}]}}