{"id":2820,"date":"2026-03-12T18:03:46","date_gmt":"2026-03-12T18:03:46","guid":{"rendered":"https:\/\/comitati.fisi.org\/alto-adige\/?p=2820"},"modified":"2026-03-12T18:05:54","modified_gmt":"2026-03-12T18:05:54","slug":"anna-trocker-e-campionessa-mondiale-juniores-di-gigante","status":"publish","type":"post","link":"https:\/\/comitati.fisi.org\/alto-adige\/blog\/2026\/03\/12\/anna-trocker-e-campionessa-mondiale-juniores-di-gigante\/","title":{"rendered":"Anna Trocker \u00e8 campionessa mondiale juniores di gigante"},"content":{"rendered":"\n<p>Fin da inizio stagione era chiaro che <strong>Anna Trocker <\/strong>fosse una delle sciatrici altoatesine pi\u00f9 promettenti. Nessuno, per\u00f2, poteva prevedere che l\u2019ascesa dell\u2019atleta di Fi\u00e8 fosse cos\u00ec fulminea. Dopo le prime esperienze in Coppa del mondo e la convocazione ai Giochi Olimpici Invernali, la 17enne ha dimostrato nuovamente di avere un futuro davanti. A Narvik la giovane specialista delle discipline tecniche si \u00e8 aggiudicata l\u2019oro nello slalom gigante femminile. Dopo la prima manche di gioved\u00ec mattina, Trocker era in testa con un tempo di 1\u201900\u201d17 ed era ben piazzata per una medaglia. Non ha deluso nemmeno nella seconda manche: \u00e8 scesa in 1\u201900\u201d87 segnando il terzo tempo e ha ottenuto un tempo complessivo di 2\u201904\u201d04 che le \u00e8 valso il primo posto. Ha chiuso la gara con pi\u00f9 di un secondo di vantaggio \u2013 una dimostrazione di forza \u2013 sulla vincitrice della medaglia d\u2019argento, la statunitense Elisabeth Bocock (+1\u201d37). La medaglia di bronzo \u00e8 andata a un\u2019altra atleta italiana, Tatum Bieler (+1\u201d75). Cos\u00ec Trocker ha ottenuto una seconda medaglia ai Mondiali Juniores in Norvegia, dopo l\u2019argento vinto domenica con Ludovica Righi nella combinata a squadre. Sabato la sciatrice di Fi\u00e8 avr\u00e0 un\u2019altra chance di medaglia nello slalom.<\/p>\n\n\n\n<figure class=\"wp-block-gallery has-nested-images columns-default is-cropped wp-block-gallery-1 is-layout-flex wp-block-gallery-is-layout-flex\">\n<figure class=\"wp-block-image size-large\"><img loading=\"lazy\" decoding=\"async\" width=\"1024\" height=\"683\" data-id=\"2816\" src=\"https:\/\/comitati.fisi.org\/alto-adige\/wp-content\/uploads\/sites\/24\/2026\/03\/Trocker_Anna_J-WM_Narvik_Credits_JWSC_2026-1024x683.jpeg\" alt=\"\" class=\"wp-image-2816\" srcset=\"https:\/\/comitati.fisi.org\/alto-adige\/wp-content\/uploads\/sites\/24\/2026\/03\/Trocker_Anna_J-WM_Narvik_Credits_JWSC_2026-1024x683.jpeg 1024w, https:\/\/comitati.fisi.org\/alto-adige\/wp-content\/uploads\/sites\/24\/2026\/03\/Trocker_Anna_J-WM_Narvik_Credits_JWSC_2026-300x200.jpeg 300w, https:\/\/comitati.fisi.org\/alto-adige\/wp-content\/uploads\/sites\/24\/2026\/03\/Trocker_Anna_J-WM_Narvik_Credits_JWSC_2026-768x512.jpeg 768w, https:\/\/comitati.fisi.org\/alto-adige\/wp-content\/uploads\/sites\/24\/2026\/03\/Trocker_Anna_J-WM_Narvik_Credits_JWSC_2026-1536x1024.jpeg 1536w, https:\/\/comitati.fisi.org\/alto-adige\/wp-content\/uploads\/sites\/24\/2026\/03\/Trocker_Anna_J-WM_Narvik_Credits_JWSC_2026-2048x1365.jpeg 2048w\" sizes=\"(max-width: 1024px) 100vw, 1024px\" \/><\/figure>\n<\/figure>\n","protected":false},"excerpt":{"rendered":"<p>Bolzano, 12 marzo 2026 \u2013 Finora la stagione 2025\/26 di Anna Trocker era stata stupefacente. Dopo l\u2019esordio in Coppa del mondo avvenuto in dicembre, la sciatrice di Fi\u00e8 aveva partecipato anche ai Giochi Olimpici Invernali di Milano Cortina 2026. Ai risultati ottenuti \u00e8 seguito un altro successo: gioved\u00ec a Narvik, in Norvegia, la 17enne si \u00e8 laureata campionessa mondiale juniores di gigante.<\/p>\n","protected":false},"author":7,"featured_media":2818,"comment_status":"open","ping_status":"open","sticky":false,"template":"","format":"standard","meta":{"_acf_changed":false,"footnotes":""},"categories":[7,4,1,6],"tags":[],"acf":[],"_links":{"self":[{"href":"https:\/\/comitati.fisi.org\/alto-adige\/wp-json\/wp\/v2\/posts\/2820"}],"collection":[{"href":"https:\/\/comitati.fisi.org\/alto-adige\/wp-json\/wp\/v2\/posts"}],"about":[{"href":"https:\/\/comitati.fisi.org\/alto-adige\/wp-json\/wp\/v2\/types\/post"}],"author":[{"embeddable":true,"href":"https:\/\/comitati.fisi.org\/alto-adige\/wp-json\/wp\/v2\/users\/7"}],"replies":[{"embeddable":true,"href":"https:\/\/comitati.fisi.org\/alto-adige\/wp-json\/wp\/v2\/comments?post=2820"}],"version-history":[{"count":2,"href":"https:\/\/comitati.fisi.org\/alto-adige\/wp-json\/wp\/v2\/posts\/2820\/revisions"}],"predecessor-version":[{"id":2824,"href":"https:\/\/comitati.fisi.org\/alto-adige\/wp-json\/wp\/v2\/posts\/2820\/revisions\/2824"}],"wp:featuredmedia":[{"embeddable":true,"href":"https:\/\/comitati.fisi.org\/alto-adige\/wp-json\/wp\/v2\/media\/2818"}],"wp:attachment":[{"href":"https:\/\/comitati.fisi.org\/alto-adige\/wp-json\/wp\/v2\/media?parent=2820"}],"wp:term":[{"taxonomy":"category","embeddable":true,"href":"https:\/\/comitati.fisi.org\/alto-adige\/wp-json\/wp\/v2\/categories?post=2820"},{"taxonomy":"post_tag","embeddable":true,"href":"https:\/\/comitati.fisi.org\/alto-adige\/wp-json\/wp\/v2\/tags?post=2820"}],"curies":[{"name":"wp","href":"https:\/\/api.w.org\/{rel}","templated":true}]}}