{"id":2765,"date":"2026-03-11T12:35:59","date_gmt":"2026-03-11T12:35:59","guid":{"rendered":"https:\/\/comitati.fisi.org\/alto-adige\/?p=2765"},"modified":"2026-03-11T12:37:11","modified_gmt":"2026-03-11T12:37:11","slug":"oro-nella-staffetta-a-tre-altoatesini-sensazionali-ai-mondiali-junior-di-biathlon-ad-arber","status":"publish","type":"post","link":"https:\/\/comitati.fisi.org\/alto-adige\/blog\/2026\/03\/11\/oro-nella-staffetta-a-tre-altoatesini-sensazionali-ai-mondiali-junior-di-biathlon-ad-arber\/","title":{"rendered":"Oro nella staffetta a tre: altoatesini sensazionali ai Mondiali Junior di biathlon ad Arber"},"content":{"rendered":"\n<p><strong>Bolzano, 10 marzo 2026 \u2013 <\/strong><strong>\u00c8<\/strong><strong> risaputo che negli sport invernali le prime settimane di marzo sono dedicate ai Mondiali Junior. Alcune atlete altoatesine e alcuni atleti altoatesini hanno preso parte alle gare che hanno assegnato i titoli internazionali. I tre biatleti Andreas Braunhofer, Julian Huber e Jonas Tscholl hanno vinto uno straordinario oro ai Mondiali ad Arber (Germania).<\/strong><\/p>\n\n\n\n<p>I biatleti altoatesini hanno mostrato ottime prestazioni ai Mondiali Junior ad Arber, in Germania. Nelle competizioni erano impegnati Julian Huber, Jan Steinkasserer e Hannes Bacher (tutti e tre di Anterselva), Andreas Braunhofer (Ridanna) e Jonas Tscholl (Lasa). Huber, Bacher, Braunhofer e Tscholl, in particolare, sono entrati ripetutamente in top10 durante tutta la settimana. Questi risultati hanno raggiunto il culmine nel fine settimana, quando sono arrivate due medaglie nelle staffette che hanno concluso l\u2019evento.<\/p>\n\n\n\n<p>Sabato si sono tenute le staffette a tre della categoria U19. La staffetta maschile dell\u2019Italia composta dai tre altoatesini Braunhofer, Huber e Tscholl si \u00e8 aggiudicata la vittoria con superiorit\u00e0: grazie al miglior tempo sugli sci, la prestazione pi\u00f9 veloce al poligono e solo otto ricariche in sei sessioni di tiro, i tre grandi talenti altoatesini hanno vinto l\u2019oro. Anche alla staffetta a quattro della categoria U21 ha preso parte un altoatesino, Bacher. Insieme a Davide Cola, Nicola Giordano e Simone Motta, che in passato era tesserato con l\u2019ASV Martell, il biatleta di Anterselva ha vinto la medaglia di bronzo alle spalle di Francia e Norvegia.<\/p>\n\n\n\n<p>In Alto Adige, invece, nel fine settimana si sono tenute le gare individuali e le staffette dei Campionati italiani di biathlon U13 e U15 ad aria compressa. Alle gare a Ridanna si erano iscritti 257 ragazzi Un&#8217;atmosfera e un tempo fantastici hanno fatto da cornice ai seguenti podi:<\/p>\n\n\n\n<p><strong>Categoria U13, individuale:<\/strong><\/p>\n\n\n\n<p>Femminile: 1. Lisa Benedetti (ASD Camosci), 2. Margherita Quinz (ASD Camosci), 3. Franzi Wolf (ASD Antholz)<\/p>\n\n\n\n<p>Maschile: 1. Giacomo Corte De Checco (Entraque Alpi M.), 2. Raffaele Steiner (ASV Martell), 3. Giovanni Andreola (Alta Valtellina)<\/p>\n\n\n\n<p><strong>Categoria U15, individuale:<\/strong><\/p>\n\n\n\n<p>Femminile: 1. Eva Hilber (ASD Antholz), 2. Anna Wolf (ASD Antholz), 3. Kathrin Santer (Ski Nordic Ulten)<\/p>\n\n\n\n<p>Maschile: 1. Elia Steinkasserer (ASD Antholz), 2. Mirko Scalet (US Primiero ASD), 3. Philipp Mairvongrosspeinten (ASV Rein)<\/p>\n\n\n\n<p><strong>Categoria U13, staffetta:<\/strong><\/p>\n\n\n\n<p>Femminile: 1. Franziska Staffler, Franzi Wolf, Dana Liien Riba<\/p>\n\n\n\n<p>Maschile: 1. Adam Oberhauser, Tobias Mairvongrosspeinten, Hannes Huber<\/p>\n\n\n\n<p><strong>Categoria U15, staffetta:<\/strong><\/p>\n\n\n\n<p>Femminile: 1. Eva Hilber, Lea Hochrainer, Anna Wolf Maschile: 1. Loris Costabiei, Ivan Willeit, Philipp Mairvongrosspeinten<\/p>\n\n\n\n<figure class=\"wp-block-gallery has-nested-images columns-default is-cropped wp-block-gallery-1 is-layout-flex wp-block-gallery-is-layout-flex\">\n<figure class=\"wp-block-image size-large\"><img loading=\"lazy\" decoding=\"async\" width=\"938\" height=\"1024\" data-id=\"2762\" src=\"https:\/\/comitati.fisi.org\/alto-adige\/wp-content\/uploads\/sites\/24\/2026\/03\/Team_Biathlon_2526_JWM_Braunhofer_Huber_Tscholl-938x1024.jpeg\" alt=\"\" class=\"wp-image-2762\" srcset=\"https:\/\/comitati.fisi.org\/alto-adige\/wp-content\/uploads\/sites\/24\/2026\/03\/Team_Biathlon_2526_JWM_Braunhofer_Huber_Tscholl-938x1024.jpeg 938w, https:\/\/comitati.fisi.org\/alto-adige\/wp-content\/uploads\/sites\/24\/2026\/03\/Team_Biathlon_2526_JWM_Braunhofer_Huber_Tscholl-275x300.jpeg 275w, https:\/\/comitati.fisi.org\/alto-adige\/wp-content\/uploads\/sites\/24\/2026\/03\/Team_Biathlon_2526_JWM_Braunhofer_Huber_Tscholl-768x838.jpeg 768w, https:\/\/comitati.fisi.org\/alto-adige\/wp-content\/uploads\/sites\/24\/2026\/03\/Team_Biathlon_2526_JWM_Braunhofer_Huber_Tscholl-1407x1536.jpeg 1407w, https:\/\/comitati.fisi.org\/alto-adige\/wp-content\/uploads\/sites\/24\/2026\/03\/Team_Biathlon_2526_JWM_Braunhofer_Huber_Tscholl.jpeg 1466w\" sizes=\"(max-width: 938px) 100vw, 938px\" \/><\/figure>\n\n\n\n<figure class=\"wp-block-image size-large\"><img loading=\"lazy\" decoding=\"async\" width=\"1024\" height=\"808\" data-id=\"2758\" src=\"https:\/\/comitati.fisi.org\/alto-adige\/wp-content\/uploads\/sites\/24\/2026\/03\/Team_Biathlon_2526_JWM_Bacher-Hannes_Motta-Simone-1024x808.jpeg\" alt=\"\" class=\"wp-image-2758\" srcset=\"https:\/\/comitati.fisi.org\/alto-adige\/wp-content\/uploads\/sites\/24\/2026\/03\/Team_Biathlon_2526_JWM_Bacher-Hannes_Motta-Simone-1024x808.jpeg 1024w, https:\/\/comitati.fisi.org\/alto-adige\/wp-content\/uploads\/sites\/24\/2026\/03\/Team_Biathlon_2526_JWM_Bacher-Hannes_Motta-Simone-300x237.jpeg 300w, https:\/\/comitati.fisi.org\/alto-adige\/wp-content\/uploads\/sites\/24\/2026\/03\/Team_Biathlon_2526_JWM_Bacher-Hannes_Motta-Simone-768x606.jpeg 768w, https:\/\/comitati.fisi.org\/alto-adige\/wp-content\/uploads\/sites\/24\/2026\/03\/Team_Biathlon_2526_JWM_Bacher-Hannes_Motta-Simone-1536x1212.jpeg 1536w, https:\/\/comitati.fisi.org\/alto-adige\/wp-content\/uploads\/sites\/24\/2026\/03\/Team_Biathlon_2526_JWM_Bacher-Hannes_Motta-Simone.jpeg 1600w\" sizes=\"(max-width: 1024px) 100vw, 1024px\" \/><\/figure>\n<\/figure>\n","protected":false},"excerpt":{"rendered":"<p>Bolzano, 10 marzo 2026 \u2013 \u00c8 risaputo che negli sport invernali le prime settimane di marzo sono dedicate ai Mondiali Junior. Alcune atlete altoatesine e alcuni atleti altoatesini hanno preso parte alle gare che hanno assegnato i titoli internazionali. I tre biatleti Andreas Braunhofer, Julian Huber e Jonas Tscholl hanno vinto uno straordinario oro ai Mondiali ad Arber (Germania). I&hellip;<\/p>\n","protected":false},"author":7,"featured_media":2761,"comment_status":"open","ping_status":"open","sticky":false,"template":"","format":"standard","meta":{"_acf_changed":false,"footnotes":""},"categories":[7,4,5,6],"tags":[],"acf":[],"_links":{"self":[{"href":"https:\/\/comitati.fisi.org\/alto-adige\/wp-json\/wp\/v2\/posts\/2765"}],"collection":[{"href":"https:\/\/comitati.fisi.org\/alto-adige\/wp-json\/wp\/v2\/posts"}],"about":[{"href":"https:\/\/comitati.fisi.org\/alto-adige\/wp-json\/wp\/v2\/types\/post"}],"author":[{"embeddable":true,"href":"https:\/\/comitati.fisi.org\/alto-adige\/wp-json\/wp\/v2\/users\/7"}],"replies":[{"embeddable":true,"href":"https:\/\/comitati.fisi.org\/alto-adige\/wp-json\/wp\/v2\/comments?post=2765"}],"version-history":[{"count":3,"href":"https:\/\/comitati.fisi.org\/alto-adige\/wp-json\/wp\/v2\/posts\/2765\/revisions"}],"predecessor-version":[{"id":2768,"href":"https:\/\/comitati.fisi.org\/alto-adige\/wp-json\/wp\/v2\/posts\/2765\/revisions\/2768"}],"wp:featuredmedia":[{"embeddable":true,"href":"https:\/\/comitati.fisi.org\/alto-adige\/wp-json\/wp\/v2\/media\/2761"}],"wp:attachment":[{"href":"https:\/\/comitati.fisi.org\/alto-adige\/wp-json\/wp\/v2\/media?parent=2765"}],"wp:term":[{"taxonomy":"category","embeddable":true,"href":"https:\/\/comitati.fisi.org\/alto-adige\/wp-json\/wp\/v2\/categories?post=2765"},{"taxonomy":"post_tag","embeddable":true,"href":"https:\/\/comitati.fisi.org\/alto-adige\/wp-json\/wp\/v2\/tags?post=2765"}],"curies":[{"name":"wp","href":"https:\/\/api.w.org\/{rel}","templated":true}]}}