{"id":2710,"date":"2026-03-11T08:57:59","date_gmt":"2026-03-11T08:57:59","guid":{"rendered":"https:\/\/comitati.fisi.org\/alto-adige\/?p=2710"},"modified":"2026-03-11T12:22:00","modified_gmt":"2026-03-11T12:22:00","slug":"tanti-impegni-per-le-squadre-zonali-e-scicrossfeeling-in-alda-badia","status":"publish","type":"post","link":"https:\/\/comitati.fisi.org\/alto-adige\/blog\/2026\/03\/11\/tanti-impegni-per-le-squadre-zonali-e-scicrossfeeling-in-alda-badia\/","title":{"rendered":"Tanti impegni per le squadre zonali e SciCrossfeeling in Alda Badia"},"content":{"rendered":"\n<p><strong>Tanti impegni per le squadre zonali<\/strong><\/p>\n\n\n\n<p><strong>Le squadre zonali hanno avuto da fare a partire da luned\u00ec. La squadra femminile allenata da Tizian Gabrielli ha preso parte al Gran Premio d\u2019Italia a Pozza di Fassa. Nel primo gigante, svolto luned\u00ec, Nora Pernstich (Aldino) si \u00e8 classificata terza U21 alle spalle di Ludovica Righi e Sofia Parravicini. La gardenese Arianna Putzer si \u00e8 imposta tra le U18, classificandosi undicesima assoluta. Il podio U21 del giorno successivo \u00e8 stato interamente altoatesino: Selina Trafoier (Ultimo) ha vinto davanti a Nadine Trocker (Fi\u00e8) e Nora Damian (Tires).<\/strong><\/p>\n\n\n\n<p>La squadra zonale maschile allenata da Enrico Vicenzi \u00e8 stata impegnata ad Antagnod, in Valle d\u2019Aosta. Il primo gigante, in programma luned\u00ec, \u00e8 stato annullato, mentre nel secondo ha brillato David Castlunger: nella classifica FIS U21 ha chiuso secondo dietro al francese Arthur Heude, aggiudicandosi la vittoria nella categoria U21 della classifica del Gran Premio d\u2019Italia. Subito dopo la squadra di Vicenzi ha proseguito con il Gran Premio d\u2019Italia a Valgrisenche, dove si sono svolti due slalom, uno mercoled\u00ec e uno gioved\u00ec. Nel primo, vinto da Peter Corbellini, Lukas Sieder (Campo di Trens) e Castlunger sono saliti rispettivamente sul secondo sul terzo gradino del podio. Gli specialisti delle gare veloci della squadra zonale, invece, gioved\u00ec e venerd\u00ec sono stati impegnati in quattro super-G a Valmalenco. Nella prima giornata Noah Gamper (Marlengo) si \u00e8 classificato secondo dietro allo svizzero Florian F\u00e4ssler. Venerd\u00ec Gamper ha ottenuto un altro secondo posto alle spalle dell\u2019italiano Marco Anselmi. Anche Aaron Stuffer dell\u2019SC Gardena ha ottenuto lo stesso piazzamento, alle spalle dell\u2019italiano Zaccaria Trevisan, nell\u2019ultimo super-G in programma.<\/p>\n\n\n\n<p><strong>Proclamati i campioni provinciali U21 e U18 di gigante<\/strong><\/p>\n\n\n\n<p>In una gara valida anche per la Marlene Cup, domenica al Piz Sella sono stati proclamati i nuovi campioni provinciali U18 e U21 di gigante. Nella categoria maschile U21 si \u00e8 imposto Valentin Sparber (RG Wipptal). Nella gara, a cui hanno partecipato anche atleti internazionali, ha segnato il quarto miglior tempo in 2\u201907\u201d43. L\u2019argento \u00e8 andato a Luis Schuster (Kronplatz\/2\u201907\u201d63), il bronzo ad Alois K\u00f6llemann Baldini (Vinschger Oberland\/2\u201907\u201d83). Il titolo U18 \u00e8 andato a Simon Auer (3 Zinnen\/2\u201908\u201d84), seguito da Giacomo Ploner (Alta Badia) e Matthias Mahlknecht (Gardena).<\/p>\n\n\n\n<p>In campo femminile si \u00e8 imposta Selina Trafoier (Ultimo), che \u00e8 stata la pi\u00f9 veloce con un tempo di 2\u201909\u201d57 e si \u00e8 aggiudicata il titolo. L\u2019argento \u00e8 andato a Nora Pernstich (TZ \u00dcberetsch-Unterland), con un distacco di soli 0\u201d03. Rebecca Vetturini (Kronplatz) ha ottenuto il bronzo con un tempo di 2\u201911\u201d16. Il titolo U18 \u00e8 andato ad Alenah Taschler (Gsiesertal), autrice del terzo miglior tempo in 2\u201911\u201d15. L\u2019argento U18 \u00e8 andato a Franziska Klotz (TZ \u00dcberetsch-Unterland), il bronzo a Nicole Piccolruaz (Gardena).<\/p>\n\n\n\n<p>Nella stessa localit\u00e0 sabato si era tenuta una gara nazionale FIS junior, in cui si erano messe in luce le sciatrici locali: Eva Blasbichler (RG Wipptal) si era imposta nella categoria U21 davanti a Vetturini ed Elisa Engl (TZ \u00dcberetsch-Unterland). Inoltre tra le U18 si era imposta Taschler davanti a Piccolruaz.<\/p>\n\n\n\n<p><strong>L\u2019emozione dello skicross in Alta Badia<\/strong><\/p>\n\n\n\n<p>La \u201cRaiffeisen Grand Prix Landescup\u201d \u00e8 proseguita nel fine settimana con delle gare di skicross in Alta Badia. I giovani talenti delle categorie U14 e U16 sono stati impegnati sulla pista Biok. Le top3 delle due categorie:<\/p>\n\n\n\n<p><strong>Categoria U14<\/strong><\/p>\n\n\n\n<p><strong>Femminile:<\/strong><\/p>\n\n\n\n<p>1. Lara Mayrhofer (Welschnofen) 54\u201d52;<\/p>\n\n\n\n<p>2. Julia Trocker (Seiser Alm) 54\u201d77;<\/p>\n\n\n\n<p>3. Julia Plunger (Seiser Alm) 54\u201d98<\/p>\n\n\n\n<p><strong>Maschile:<\/strong><\/p>\n\n\n\n<p>1. Elias Rudiferia (Alta Badia) 53\u201d27;<\/p>\n\n\n\n<p>2. Rene Auer (Gardena) 53\u201d76;<\/p>\n\n\n\n<p>3. Matthias Winkler (Kronplatz) 54\u201d16<\/p>\n\n\n\n<p><strong>Categoria U16<\/strong><\/p>\n\n\n\n<p><strong>Femminile:<\/strong><\/p>\n\n\n\n<p>1. Denise Demetz (Gardena) 52\u201d48;<\/p>\n\n\n\n<p>2. Francesca Miribung (Gardena) 52\u201d78;<\/p>\n\n\n\n<p>3. Carmen Gschliesser (Wipptal) 52\u201d88<\/p>\n\n\n\n<p><strong>Maschile:<\/strong><\/p>\n\n\n\n<p>1. Simon Kaser (Seiser Alm) 50\u201d55;<\/p>\n\n\n\n<p>2. Hannes Valentini (Alta Badia) 51\u201d47;<\/p>\n\n\n\n<p>3. Lukas Rabanser (Gardena) e Julian Martinelli (Ski Team Latemar) entrambi 51\u201d60<\/p>\n\n\n\n<figure class=\"wp-block-gallery has-nested-images columns-default is-cropped wp-block-gallery-1 is-layout-flex wp-block-gallery-is-layout-flex\">\n<figure class=\"wp-block-image size-large\"><img loading=\"lazy\" decoding=\"async\" width=\"768\" height=\"1024\" data-id=\"2703\" src=\"https:\/\/comitati.fisi.org\/alto-adige\/wp-content\/uploads\/sites\/24\/2026\/03\/Siegerehrung_Ski-Alpin_2526_Taschler_LK_Piccolruaz-768x1024.jpeg\" alt=\"\" class=\"wp-image-2703\" srcset=\"https:\/\/comitati.fisi.org\/alto-adige\/wp-content\/uploads\/sites\/24\/2026\/03\/Siegerehrung_Ski-Alpin_2526_Taschler_LK_Piccolruaz-768x1024.jpeg 768w, https:\/\/comitati.fisi.org\/alto-adige\/wp-content\/uploads\/sites\/24\/2026\/03\/Siegerehrung_Ski-Alpin_2526_Taschler_LK_Piccolruaz-225x300.jpeg 225w, https:\/\/comitati.fisi.org\/alto-adige\/wp-content\/uploads\/sites\/24\/2026\/03\/Siegerehrung_Ski-Alpin_2526_Taschler_LK_Piccolruaz-1152x1536.jpeg 1152w, https:\/\/comitati.fisi.org\/alto-adige\/wp-content\/uploads\/sites\/24\/2026\/03\/Siegerehrung_Ski-Alpin_2526_Taschler_LK_Piccolruaz-1536x2048.jpeg 1536w, https:\/\/comitati.fisi.org\/alto-adige\/wp-content\/uploads\/sites\/24\/2026\/03\/Siegerehrung_Ski-Alpin_2526_Taschler_LK_Piccolruaz-scaled.jpeg 1920w\" sizes=\"(max-width: 768px) 100vw, 768px\" \/><\/figure>\n\n\n\n<figure class=\"wp-block-image size-large\"><img loading=\"lazy\" decoding=\"async\" width=\"768\" height=\"1024\" data-id=\"2705\" src=\"https:\/\/comitati.fisi.org\/alto-adige\/wp-content\/uploads\/sites\/24\/2026\/03\/Siegerehrung_Ski-Alpin_2526_Trafoier_Pernstich_Vetturini-LK-768x1024.jpeg\" alt=\"\" class=\"wp-image-2705\" srcset=\"https:\/\/comitati.fisi.org\/alto-adige\/wp-content\/uploads\/sites\/24\/2026\/03\/Siegerehrung_Ski-Alpin_2526_Trafoier_Pernstich_Vetturini-LK-768x1024.jpeg 768w, https:\/\/comitati.fisi.org\/alto-adige\/wp-content\/uploads\/sites\/24\/2026\/03\/Siegerehrung_Ski-Alpin_2526_Trafoier_Pernstich_Vetturini-LK-225x300.jpeg 225w, https:\/\/comitati.fisi.org\/alto-adige\/wp-content\/uploads\/sites\/24\/2026\/03\/Siegerehrung_Ski-Alpin_2526_Trafoier_Pernstich_Vetturini-LK-1152x1536.jpeg 1152w, https:\/\/comitati.fisi.org\/alto-adige\/wp-content\/uploads\/sites\/24\/2026\/03\/Siegerehrung_Ski-Alpin_2526_Trafoier_Pernstich_Vetturini-LK.jpeg 1200w\" sizes=\"(max-width: 768px) 100vw, 768px\" \/><\/figure>\n\n\n\n<figure class=\"wp-block-image size-large\"><img loading=\"lazy\" decoding=\"async\" width=\"768\" height=\"1024\" data-id=\"2707\" src=\"https:\/\/comitati.fisi.org\/alto-adige\/wp-content\/uploads\/sites\/24\/2026\/03\/Team_Ski-Alpin_2526_LMS_Trafoier_Auer_Taschler_Sparber-LK-768x1024.jpeg\" alt=\"\" class=\"wp-image-2707\" srcset=\"https:\/\/comitati.fisi.org\/alto-adige\/wp-content\/uploads\/sites\/24\/2026\/03\/Team_Ski-Alpin_2526_LMS_Trafoier_Auer_Taschler_Sparber-LK-768x1024.jpeg 768w, https:\/\/comitati.fisi.org\/alto-adige\/wp-content\/uploads\/sites\/24\/2026\/03\/Team_Ski-Alpin_2526_LMS_Trafoier_Auer_Taschler_Sparber-LK-225x300.jpeg 225w, https:\/\/comitati.fisi.org\/alto-adige\/wp-content\/uploads\/sites\/24\/2026\/03\/Team_Ski-Alpin_2526_LMS_Trafoier_Auer_Taschler_Sparber-LK-1152x1536.jpeg 1152w, https:\/\/comitati.fisi.org\/alto-adige\/wp-content\/uploads\/sites\/24\/2026\/03\/Team_Ski-Alpin_2526_LMS_Trafoier_Auer_Taschler_Sparber-LK.jpeg 1200w\" sizes=\"(max-width: 768px) 100vw, 768px\" \/><\/figure>\n<\/figure>\n","protected":false},"excerpt":{"rendered":"<p>Tanti impegni per le squadre zonali Le squadre zonali hanno avuto da fare a partire da luned\u00ec. La squadra femminile allenata da Tizian Gabrielli ha preso parte al Gran Premio d\u2019Italia a Pozza di Fassa. Nel primo gigante, svolto luned\u00ec, Nora Pernstich (Aldino) si \u00e8 classificata terza U21 alle spalle di Ludovica Righi e Sofia Parravicini. La gardenese Arianna Putzer&hellip;<\/p>\n","protected":false},"author":7,"featured_media":2702,"comment_status":"open","ping_status":"open","sticky":false,"template":"","format":"standard","meta":{"_acf_changed":false,"footnotes":""},"categories":[7,4,5,6],"tags":[],"acf":[],"_links":{"self":[{"href":"https:\/\/comitati.fisi.org\/alto-adige\/wp-json\/wp\/v2\/posts\/2710"}],"collection":[{"href":"https:\/\/comitati.fisi.org\/alto-adige\/wp-json\/wp\/v2\/posts"}],"about":[{"href":"https:\/\/comitati.fisi.org\/alto-adige\/wp-json\/wp\/v2\/types\/post"}],"author":[{"embeddable":true,"href":"https:\/\/comitati.fisi.org\/alto-adige\/wp-json\/wp\/v2\/users\/7"}],"replies":[{"embeddable":true,"href":"https:\/\/comitati.fisi.org\/alto-adige\/wp-json\/wp\/v2\/comments?post=2710"}],"version-history":[{"count":3,"href":"https:\/\/comitati.fisi.org\/alto-adige\/wp-json\/wp\/v2\/posts\/2710\/revisions"}],"predecessor-version":[{"id":2753,"href":"https:\/\/comitati.fisi.org\/alto-adige\/wp-json\/wp\/v2\/posts\/2710\/revisions\/2753"}],"wp:featuredmedia":[{"embeddable":true,"href":"https:\/\/comitati.fisi.org\/alto-adige\/wp-json\/wp\/v2\/media\/2702"}],"wp:attachment":[{"href":"https:\/\/comitati.fisi.org\/alto-adige\/wp-json\/wp\/v2\/media?parent=2710"}],"wp:term":[{"taxonomy":"category","embeddable":true,"href":"https:\/\/comitati.fisi.org\/alto-adige\/wp-json\/wp\/v2\/categories?post=2710"},{"taxonomy":"post_tag","embeddable":true,"href":"https:\/\/comitati.fisi.org\/alto-adige\/wp-json\/wp\/v2\/tags?post=2710"}],"curies":[{"name":"wp","href":"https:\/\/api.w.org\/{rel}","templated":true}]}}