{"id":2697,"date":"2026-03-11T08:39:29","date_gmt":"2026-03-11T08:39:29","guid":{"rendered":"https:\/\/comitati.fisi.org\/alto-adige\/?p=2697"},"modified":"2026-03-11T13:30:15","modified_gmt":"2026-03-11T13:30:15","slug":"argento-nella-combinata-a-squadre-acuto-di-anna-trocker-in-norvegia","status":"publish","type":"post","link":"https:\/\/comitati.fisi.org\/alto-adige\/blog\/2026\/03\/11\/argento-nella-combinata-a-squadre-acuto-di-anna-trocker-in-norvegia\/","title":{"rendered":"Argento nella combinata a squadre: acuto di Anna Trocker in Norvegia"},"content":{"rendered":"\n<p>Una giovane sciatrice altoatesina che ha fatto furore in questa stagione \u00e8 Anna Trocker. Quest\u2019inverno la 17enne di Fi\u00e8 ha esordito in Coppa del mondo, in seguito ha potuto partecipare ai Giochi Olimpici Invernali di Milano Cortina 2026 e ora sta prendendo parte ai Mondiali Junior di Narvik (Norvegia). E anche l\u00ec \u00e8 riuscita a mettersi in luce. Domenica Trocker si \u00e8 classificata seconda nella combinata a squadre insieme a Ludovica Righi. Le due azzurre hanno ottenuto la medaglia d\u2019argento alle spalle delle francesi Emy Charbonnier e Ilona Charbotel.<\/p>\n\n\n\n<p>\u00c8 arrivato un buon risultato anche per Arianna Putzer (SC Gardena) e Victoria Klotz (RG Wipptal), che hanno chiuso la combinata a squadre al quinto posto. Nel super-G di sabato Putzer ha ottenuto un altro grande piazzamento, classificandosi nona. La discesa in programma venerd\u00ec \u00e8 stata annullata. Questa settimana si terranno le gare femminili delle discipline tecniche: Trocker, in particolare, punter\u00e0 a ottenere un\u2019altra medaglia essendo specialista delle discipline tecniche. I primi impegni degli sciatori altoatesini Jakob Franzelin (Montagna) e David Castlunger (Badia) sono il super-G e la combinata a squadre di luned\u00ec<\/p>\n","protected":false},"excerpt":{"rendered":"<p>Una giovane sciatrice altoatesina che ha fatto furore in questa stagione \u00e8 Anna Trocker. Quest\u2019inverno la 17enne di Fi\u00e8 ha esordito in Coppa del mondo, in seguito ha potuto partecipare ai Giochi Olimpici Invernali di Milano Cortina 2026 e ora sta prendendo parte ai Mondiali Junior di Narvik (Norvegia). E anche l\u00ec \u00e8 riuscita a mettersi in luce. Domenica Trocker&hellip;<\/p>\n","protected":false},"author":7,"featured_media":2796,"comment_status":"open","ping_status":"open","sticky":false,"template":"","format":"standard","meta":{"_acf_changed":false,"footnotes":""},"categories":[7,4,5,6],"tags":[],"acf":[],"_links":{"self":[{"href":"https:\/\/comitati.fisi.org\/alto-adige\/wp-json\/wp\/v2\/posts\/2697"}],"collection":[{"href":"https:\/\/comitati.fisi.org\/alto-adige\/wp-json\/wp\/v2\/posts"}],"about":[{"href":"https:\/\/comitati.fisi.org\/alto-adige\/wp-json\/wp\/v2\/types\/post"}],"author":[{"embeddable":true,"href":"https:\/\/comitati.fisi.org\/alto-adige\/wp-json\/wp\/v2\/users\/7"}],"replies":[{"embeddable":true,"href":"https:\/\/comitati.fisi.org\/alto-adige\/wp-json\/wp\/v2\/comments?post=2697"}],"version-history":[{"count":3,"href":"https:\/\/comitati.fisi.org\/alto-adige\/wp-json\/wp\/v2\/posts\/2697\/revisions"}],"predecessor-version":[{"id":2754,"href":"https:\/\/comitati.fisi.org\/alto-adige\/wp-json\/wp\/v2\/posts\/2697\/revisions\/2754"}],"wp:featuredmedia":[{"embeddable":true,"href":"https:\/\/comitati.fisi.org\/alto-adige\/wp-json\/wp\/v2\/media\/2796"}],"wp:attachment":[{"href":"https:\/\/comitati.fisi.org\/alto-adige\/wp-json\/wp\/v2\/media?parent=2697"}],"wp:term":[{"taxonomy":"category","embeddable":true,"href":"https:\/\/comitati.fisi.org\/alto-adige\/wp-json\/wp\/v2\/categories?post=2697"},{"taxonomy":"post_tag","embeddable":true,"href":"https:\/\/comitati.fisi.org\/alto-adige\/wp-json\/wp\/v2\/tags?post=2697"}],"curies":[{"name":"wp","href":"https:\/\/api.w.org\/{rel}","templated":true}]}}