{"id":2690,"date":"2026-03-11T08:29:22","date_gmt":"2026-03-11T08:29:22","guid":{"rendered":"https:\/\/comitati.fisi.org\/alto-adige\/?p=2690"},"modified":"2026-03-11T12:25:15","modified_gmt":"2026-03-11T12:25:15","slug":"lalto-adige-brilla-allalpe-cimbra-fis-children-cup","status":"publish","type":"post","link":"https:\/\/comitati.fisi.org\/alto-adige\/blog\/2026\/03\/11\/lalto-adige-brilla-allalpe-cimbra-fis-children-cup\/","title":{"rendered":"L\u2019Alto Adige brilla all\u2019Alpe Cimbra FIS Children Cup"},"content":{"rendered":"\n<p><strong>Bolzano, 9 marzo 2026 \u2013 A Folgaria luned\u00ec scorso ha avuto inizio la 65<sup>a<\/sup> Alpe Cimbra FIS Children Cup, una delle pi\u00f9 prestigiose competizioni giovanili per quanto riguarda lo sci alpino. Prima si sono svolte gare a livello nazionale, poi a livello internazionale. Alle competizioni hanno partecipato anche alcuni talenti locali, che hanno ottenuto svariati, ottimi risultati. Inoltre a Narvik, in Norvegia, si sono tenuti i Mondiali Junior delle discipline veloci ed \u00e8 subito arrivata la prima medaglia altoatesina con Anna Trocker. La scorsa settimana le squadre zonali sono state impegnate in gare FIS e del Gran Premio d\u2019Italia.<\/strong><\/p>\n\n\n\n<p>L\u2019Alpe Cimbra FIS Children Cup ogni anno attrae a Folgaria tantissimi giovani talenti di tutto il mondo ed \u00e8 la pi\u00f9 grande gara giovanile FIS al mondo. Da luned\u00ec a venerd\u00ec scorso si \u00e8 tenuta la 65<sup>a<\/sup> edizione del rinomato evento, nel quale hanno brillato da subito le altoatesine e gli altoatesini in gara. Luned\u00ec, infatti, si sono potuti festeggiare i primi podi: Mia Molling dell\u2019ASV TZ Jochtal ha vinto il gigante femminile U14 della fase nazionale con un tempo di 2\u201903\u201d34. Nel gigante maschile U14, Elias Magoni dell\u2019RG Wipptal si \u00e8 classificato secondo con 61 centesimi di ritardo sul vincitore Gregorio Marabelli Gallo. Due altoatesine sono andate a podio nello slalom femminile U16 vinto da Benedetta Rosa Ranieri: Ida Gatterer del Kronplatz Skiteam ha chiuso seconda, Francesca Miribung dell\u2019SC Gardena terza.<\/p>\n\n\n\n<p>Le grandi prestazioni degli altoatesini sono proseguite nella seconda giornata di gare. Nello slalom maschile U14 Elias Magoni si \u00e8 classificato secondo alle spalle di Edoardo Ricci. Simon Kaser del Seiser Alm Skiteam ha vinto il gigante maschile U16 in 1\u201955\u201d97. Nel gigante femminile della stessa categoria, Amy Happacher (3 Zinnen Dolomites) ha ottenuto un brillante terzo posto alle spalle di Eva Balduzzi e Benedetta Rosa Ranieri. Inoltre, grazie ai tanti podi e ad alcuni piazzamenti in top10, l\u2019Alto Adige si \u00e8 imposto con un netto vantaggio nella classifica dei comitati italiani precedendo il Comitato Alpi Centrali e il Comitato Alpi Occidentali. Mercoled\u00ec all\u2019Alpe Cimbra FIS Children Cup hanno avuto inizio le gare internazionali, alle quali si erano qualificati gli altoatesini Elias Magoni (RG Wipptal), Mia Molling (TZ Jochtal), Ida Gatterer (Kronplatz Skiteam), Francesca Miribung (SC Gardena), Amy Happacher (3 Zinnen Dolomites) e Simon Kaser (Seiser Alm Skiteam). Molling, in particolare, ha saputo convincere. Mercoled\u00ec, infatti, si \u00e8 imposta nel gigante femminile U14 replicando a livello internazionale quanto gi\u00e0 fatto nella gara nazionale.<\/p>\n\n\n\n<figure class=\"wp-block-gallery has-nested-images columns-default is-cropped wp-block-gallery-1 is-layout-flex wp-block-gallery-is-layout-flex\">\n<figure class=\"wp-block-image size-large\"><img loading=\"lazy\" decoding=\"async\" width=\"1024\" height=\"684\" data-id=\"2645\" src=\"https:\/\/comitati.fisi.org\/alto-adige\/wp-content\/uploads\/sites\/24\/2026\/03\/Action_SKi-Alpin_2526_Mia-Molling-Alpe-Cimbra-1024x684.jpg\" alt=\"\" class=\"wp-image-2645\" srcset=\"https:\/\/comitati.fisi.org\/alto-adige\/wp-content\/uploads\/sites\/24\/2026\/03\/Action_SKi-Alpin_2526_Mia-Molling-Alpe-Cimbra-1024x684.jpg 1024w, https:\/\/comitati.fisi.org\/alto-adige\/wp-content\/uploads\/sites\/24\/2026\/03\/Action_SKi-Alpin_2526_Mia-Molling-Alpe-Cimbra-300x200.jpg 300w, https:\/\/comitati.fisi.org\/alto-adige\/wp-content\/uploads\/sites\/24\/2026\/03\/Action_SKi-Alpin_2526_Mia-Molling-Alpe-Cimbra-768x513.jpg 768w, https:\/\/comitati.fisi.org\/alto-adige\/wp-content\/uploads\/sites\/24\/2026\/03\/Action_SKi-Alpin_2526_Mia-Molling-Alpe-Cimbra.jpg 1080w\" sizes=\"(max-width: 1024px) 100vw, 1024px\" \/><\/figure>\n\n\n\n<figure class=\"wp-block-image size-large\"><img loading=\"lazy\" decoding=\"async\" width=\"768\" height=\"1024\" data-id=\"2647\" src=\"https:\/\/comitati.fisi.org\/alto-adige\/wp-content\/uploads\/sites\/24\/2026\/03\/Backstage_Ski-Alpin_2526_Alpe-Cimbra-1-768x1024.jpeg\" alt=\"\" class=\"wp-image-2647\" srcset=\"https:\/\/comitati.fisi.org\/alto-adige\/wp-content\/uploads\/sites\/24\/2026\/03\/Backstage_Ski-Alpin_2526_Alpe-Cimbra-1-768x1024.jpeg 768w, https:\/\/comitati.fisi.org\/alto-adige\/wp-content\/uploads\/sites\/24\/2026\/03\/Backstage_Ski-Alpin_2526_Alpe-Cimbra-1-225x300.jpeg 225w, https:\/\/comitati.fisi.org\/alto-adige\/wp-content\/uploads\/sites\/24\/2026\/03\/Backstage_Ski-Alpin_2526_Alpe-Cimbra-1-1152x1536.jpeg 1152w, https:\/\/comitati.fisi.org\/alto-adige\/wp-content\/uploads\/sites\/24\/2026\/03\/Backstage_Ski-Alpin_2526_Alpe-Cimbra-1.jpeg 1200w\" sizes=\"(max-width: 768px) 100vw, 768px\" \/><\/figure>\n\n\n\n<figure class=\"wp-block-image size-large\"><img loading=\"lazy\" decoding=\"async\" width=\"768\" height=\"1024\" data-id=\"2649\" src=\"https:\/\/comitati.fisi.org\/alto-adige\/wp-content\/uploads\/sites\/24\/2026\/03\/Backstage_Ski-Alpin_2526_Alpe-Cimbra-2-768x1024.jpeg\" alt=\"\" class=\"wp-image-2649\" srcset=\"https:\/\/comitati.fisi.org\/alto-adige\/wp-content\/uploads\/sites\/24\/2026\/03\/Backstage_Ski-Alpin_2526_Alpe-Cimbra-2-768x1024.jpeg 768w, https:\/\/comitati.fisi.org\/alto-adige\/wp-content\/uploads\/sites\/24\/2026\/03\/Backstage_Ski-Alpin_2526_Alpe-Cimbra-2-225x300.jpeg 225w, https:\/\/comitati.fisi.org\/alto-adige\/wp-content\/uploads\/sites\/24\/2026\/03\/Backstage_Ski-Alpin_2526_Alpe-Cimbra-2-1152x1536.jpeg 1152w, https:\/\/comitati.fisi.org\/alto-adige\/wp-content\/uploads\/sites\/24\/2026\/03\/Backstage_Ski-Alpin_2526_Alpe-Cimbra-2.jpeg 1200w\" sizes=\"(max-width: 768px) 100vw, 768px\" \/><\/figure>\n\n\n\n<figure class=\"wp-block-image size-large\"><img loading=\"lazy\" decoding=\"async\" width=\"768\" height=\"1024\" data-id=\"2685\" src=\"https:\/\/comitati.fisi.org\/alto-adige\/wp-content\/uploads\/sites\/24\/2026\/03\/team_Ski-Alpin_2526_Alpe-Cimbra-6-768x1024.jpg\" alt=\"\" class=\"wp-image-2685\" srcset=\"https:\/\/comitati.fisi.org\/alto-adige\/wp-content\/uploads\/sites\/24\/2026\/03\/team_Ski-Alpin_2526_Alpe-Cimbra-6-768x1024.jpg 768w, https:\/\/comitati.fisi.org\/alto-adige\/wp-content\/uploads\/sites\/24\/2026\/03\/team_Ski-Alpin_2526_Alpe-Cimbra-6-225x300.jpg 225w, https:\/\/comitati.fisi.org\/alto-adige\/wp-content\/uploads\/sites\/24\/2026\/03\/team_Ski-Alpin_2526_Alpe-Cimbra-6.jpg 1080w\" sizes=\"(max-width: 768px) 100vw, 768px\" \/><\/figure>\n\n\n\n<figure class=\"wp-block-image size-large\"><img loading=\"lazy\" decoding=\"async\" width=\"768\" height=\"1024\" data-id=\"2683\" src=\"https:\/\/comitati.fisi.org\/alto-adige\/wp-content\/uploads\/sites\/24\/2026\/03\/team_Ski-Alpin_2526_Alpe-Cimbra-5-768x1024.jpg\" alt=\"\" class=\"wp-image-2683\" srcset=\"https:\/\/comitati.fisi.org\/alto-adige\/wp-content\/uploads\/sites\/24\/2026\/03\/team_Ski-Alpin_2526_Alpe-Cimbra-5-768x1024.jpg 768w, https:\/\/comitati.fisi.org\/alto-adige\/wp-content\/uploads\/sites\/24\/2026\/03\/team_Ski-Alpin_2526_Alpe-Cimbra-5-225x300.jpg 225w, https:\/\/comitati.fisi.org\/alto-adige\/wp-content\/uploads\/sites\/24\/2026\/03\/team_Ski-Alpin_2526_Alpe-Cimbra-5.jpg 1080w\" sizes=\"(max-width: 768px) 100vw, 768px\" \/><\/figure>\n\n\n\n<figure class=\"wp-block-image size-large\"><img loading=\"lazy\" decoding=\"async\" width=\"768\" height=\"1024\" data-id=\"2681\" src=\"https:\/\/comitati.fisi.org\/alto-adige\/wp-content\/uploads\/sites\/24\/2026\/03\/Team_Ski-Alpin_2526_Alpe-Cimbra-4-768x1024.jpeg\" alt=\"\" class=\"wp-image-2681\" srcset=\"https:\/\/comitati.fisi.org\/alto-adige\/wp-content\/uploads\/sites\/24\/2026\/03\/Team_Ski-Alpin_2526_Alpe-Cimbra-4-768x1024.jpeg 768w, https:\/\/comitati.fisi.org\/alto-adige\/wp-content\/uploads\/sites\/24\/2026\/03\/Team_Ski-Alpin_2526_Alpe-Cimbra-4-225x300.jpeg 225w, https:\/\/comitati.fisi.org\/alto-adige\/wp-content\/uploads\/sites\/24\/2026\/03\/Team_Ski-Alpin_2526_Alpe-Cimbra-4-1152x1536.jpeg 1152w, https:\/\/comitati.fisi.org\/alto-adige\/wp-content\/uploads\/sites\/24\/2026\/03\/Team_Ski-Alpin_2526_Alpe-Cimbra-4.jpeg 1200w\" sizes=\"(max-width: 768px) 100vw, 768px\" \/><\/figure>\n\n\n\n<figure class=\"wp-block-image size-large\"><img loading=\"lazy\" decoding=\"async\" width=\"768\" height=\"1024\" data-id=\"2679\" src=\"https:\/\/comitati.fisi.org\/alto-adige\/wp-content\/uploads\/sites\/24\/2026\/03\/team_Ski-Alpin_2526_Alpe-Cimbra-3-768x1024.jpg\" alt=\"\" class=\"wp-image-2679\" srcset=\"https:\/\/comitati.fisi.org\/alto-adige\/wp-content\/uploads\/sites\/24\/2026\/03\/team_Ski-Alpin_2526_Alpe-Cimbra-3-768x1024.jpg 768w, https:\/\/comitati.fisi.org\/alto-adige\/wp-content\/uploads\/sites\/24\/2026\/03\/team_Ski-Alpin_2526_Alpe-Cimbra-3-225x300.jpg 225w, https:\/\/comitati.fisi.org\/alto-adige\/wp-content\/uploads\/sites\/24\/2026\/03\/team_Ski-Alpin_2526_Alpe-Cimbra-3.jpg 1080w\" sizes=\"(max-width: 768px) 100vw, 768px\" \/><\/figure>\n\n\n\n<figure class=\"wp-block-image size-large\"><img loading=\"lazy\" decoding=\"async\" width=\"768\" height=\"1024\" data-id=\"2677\" src=\"https:\/\/comitati.fisi.org\/alto-adige\/wp-content\/uploads\/sites\/24\/2026\/03\/Team_Ski-Alpin_2526_Alpe-Cimbra-3-768x1024.jpeg\" alt=\"\" class=\"wp-image-2677\" srcset=\"https:\/\/comitati.fisi.org\/alto-adige\/wp-content\/uploads\/sites\/24\/2026\/03\/Team_Ski-Alpin_2526_Alpe-Cimbra-3-768x1024.jpeg 768w, https:\/\/comitati.fisi.org\/alto-adige\/wp-content\/uploads\/sites\/24\/2026\/03\/Team_Ski-Alpin_2526_Alpe-Cimbra-3-225x300.jpeg 225w, https:\/\/comitati.fisi.org\/alto-adige\/wp-content\/uploads\/sites\/24\/2026\/03\/Team_Ski-Alpin_2526_Alpe-Cimbra-3-1152x1536.jpeg 1152w, https:\/\/comitati.fisi.org\/alto-adige\/wp-content\/uploads\/sites\/24\/2026\/03\/Team_Ski-Alpin_2526_Alpe-Cimbra-3.jpeg 1200w\" sizes=\"(max-width: 768px) 100vw, 768px\" \/><\/figure>\n\n\n\n<figure class=\"wp-block-image size-large\"><img loading=\"lazy\" decoding=\"async\" width=\"768\" height=\"1024\" data-id=\"2665\" src=\"https:\/\/comitati.fisi.org\/alto-adige\/wp-content\/uploads\/sites\/24\/2026\/03\/Portraet_Ski-Alpin_2526_Magoni-Elias_Alpe-Cimbra-768x1024.jpeg\" alt=\"\" class=\"wp-image-2665\" srcset=\"https:\/\/comitati.fisi.org\/alto-adige\/wp-content\/uploads\/sites\/24\/2026\/03\/Portraet_Ski-Alpin_2526_Magoni-Elias_Alpe-Cimbra-768x1024.jpeg 768w, https:\/\/comitati.fisi.org\/alto-adige\/wp-content\/uploads\/sites\/24\/2026\/03\/Portraet_Ski-Alpin_2526_Magoni-Elias_Alpe-Cimbra-225x300.jpeg 225w, https:\/\/comitati.fisi.org\/alto-adige\/wp-content\/uploads\/sites\/24\/2026\/03\/Portraet_Ski-Alpin_2526_Magoni-Elias_Alpe-Cimbra-1152x1536.jpeg 1152w, https:\/\/comitati.fisi.org\/alto-adige\/wp-content\/uploads\/sites\/24\/2026\/03\/Portraet_Ski-Alpin_2526_Magoni-Elias_Alpe-Cimbra.jpeg 1200w\" sizes=\"(max-width: 768px) 100vw, 768px\" \/><\/figure>\n\n\n\n<figure class=\"wp-block-image size-large\"><img loading=\"lazy\" decoding=\"async\" width=\"768\" height=\"1024\" data-id=\"2667\" src=\"https:\/\/comitati.fisi.org\/alto-adige\/wp-content\/uploads\/sites\/24\/2026\/03\/Portraet_Ski-Alpin_2526_Miribung-Francesca_Alpe-Cimbra-768x1024.jpeg\" alt=\"\" class=\"wp-image-2667\" srcset=\"https:\/\/comitati.fisi.org\/alto-adige\/wp-content\/uploads\/sites\/24\/2026\/03\/Portraet_Ski-Alpin_2526_Miribung-Francesca_Alpe-Cimbra-768x1024.jpeg 768w, https:\/\/comitati.fisi.org\/alto-adige\/wp-content\/uploads\/sites\/24\/2026\/03\/Portraet_Ski-Alpin_2526_Miribung-Francesca_Alpe-Cimbra-225x300.jpeg 225w, https:\/\/comitati.fisi.org\/alto-adige\/wp-content\/uploads\/sites\/24\/2026\/03\/Portraet_Ski-Alpin_2526_Miribung-Francesca_Alpe-Cimbra-1152x1536.jpeg 1152w, https:\/\/comitati.fisi.org\/alto-adige\/wp-content\/uploads\/sites\/24\/2026\/03\/Portraet_Ski-Alpin_2526_Miribung-Francesca_Alpe-Cimbra.jpeg 1200w\" sizes=\"(max-width: 768px) 100vw, 768px\" \/><\/figure>\n\n\n\n<figure class=\"wp-block-image size-large\"><img loading=\"lazy\" decoding=\"async\" width=\"768\" height=\"1024\" data-id=\"2669\" src=\"https:\/\/comitati.fisi.org\/alto-adige\/wp-content\/uploads\/sites\/24\/2026\/03\/Portraet_Ski-Alpin_2526_Moling-Mia_Alpe-Cimbra-768x1024.jpeg\" alt=\"\" class=\"wp-image-2669\" srcset=\"https:\/\/comitati.fisi.org\/alto-adige\/wp-content\/uploads\/sites\/24\/2026\/03\/Portraet_Ski-Alpin_2526_Moling-Mia_Alpe-Cimbra-768x1024.jpeg 768w, https:\/\/comitati.fisi.org\/alto-adige\/wp-content\/uploads\/sites\/24\/2026\/03\/Portraet_Ski-Alpin_2526_Moling-Mia_Alpe-Cimbra-225x300.jpeg 225w, https:\/\/comitati.fisi.org\/alto-adige\/wp-content\/uploads\/sites\/24\/2026\/03\/Portraet_Ski-Alpin_2526_Moling-Mia_Alpe-Cimbra-1152x1536.jpeg 1152w, https:\/\/comitati.fisi.org\/alto-adige\/wp-content\/uploads\/sites\/24\/2026\/03\/Portraet_Ski-Alpin_2526_Moling-Mia_Alpe-Cimbra.jpeg 1200w\" sizes=\"(max-width: 768px) 100vw, 768px\" \/><\/figure>\n\n\n\n<figure class=\"wp-block-image size-large\"><img loading=\"lazy\" decoding=\"async\" width=\"768\" height=\"1024\" data-id=\"2671\" src=\"https:\/\/comitati.fisi.org\/alto-adige\/wp-content\/uploads\/sites\/24\/2026\/03\/Team_Ski-Alpin_2526_Alpe-Cimbra-1-768x1024.jpeg\" alt=\"\" class=\"wp-image-2671\" srcset=\"https:\/\/comitati.fisi.org\/alto-adige\/wp-content\/uploads\/sites\/24\/2026\/03\/Team_Ski-Alpin_2526_Alpe-Cimbra-1-768x1024.jpeg 768w, https:\/\/comitati.fisi.org\/alto-adige\/wp-content\/uploads\/sites\/24\/2026\/03\/Team_Ski-Alpin_2526_Alpe-Cimbra-1-225x300.jpeg 225w, https:\/\/comitati.fisi.org\/alto-adige\/wp-content\/uploads\/sites\/24\/2026\/03\/Team_Ski-Alpin_2526_Alpe-Cimbra-1-1152x1536.jpeg 1152w, https:\/\/comitati.fisi.org\/alto-adige\/wp-content\/uploads\/sites\/24\/2026\/03\/Team_Ski-Alpin_2526_Alpe-Cimbra-1.jpeg 1200w\" sizes=\"(max-width: 768px) 100vw, 768px\" \/><\/figure>\n\n\n\n<figure class=\"wp-block-image size-large\"><img loading=\"lazy\" decoding=\"async\" width=\"466\" height=\"310\" data-id=\"2673\" src=\"https:\/\/comitati.fisi.org\/alto-adige\/wp-content\/uploads\/sites\/24\/2026\/03\/team_Ski-Alpin_2526_Alpe-Cimbra-1.jpg\" alt=\"\" class=\"wp-image-2673\" srcset=\"https:\/\/comitati.fisi.org\/alto-adige\/wp-content\/uploads\/sites\/24\/2026\/03\/team_Ski-Alpin_2526_Alpe-Cimbra-1.jpg 466w, https:\/\/comitati.fisi.org\/alto-adige\/wp-content\/uploads\/sites\/24\/2026\/03\/team_Ski-Alpin_2526_Alpe-Cimbra-1-300x200.jpg 300w\" sizes=\"(max-width: 466px) 100vw, 466px\" \/><\/figure>\n\n\n\n<figure class=\"wp-block-image size-large\"><img loading=\"lazy\" decoding=\"async\" width=\"768\" height=\"1024\" data-id=\"2675\" src=\"https:\/\/comitati.fisi.org\/alto-adige\/wp-content\/uploads\/sites\/24\/2026\/03\/Team_Ski-Alpin_2526_Alpe-Cimbra-2-768x1024.jpeg\" alt=\"\" class=\"wp-image-2675\" srcset=\"https:\/\/comitati.fisi.org\/alto-adige\/wp-content\/uploads\/sites\/24\/2026\/03\/Team_Ski-Alpin_2526_Alpe-Cimbra-2-768x1024.jpeg 768w, https:\/\/comitati.fisi.org\/alto-adige\/wp-content\/uploads\/sites\/24\/2026\/03\/Team_Ski-Alpin_2526_Alpe-Cimbra-2-225x300.jpeg 225w, https:\/\/comitati.fisi.org\/alto-adige\/wp-content\/uploads\/sites\/24\/2026\/03\/Team_Ski-Alpin_2526_Alpe-Cimbra-2-1152x1536.jpeg 1152w, https:\/\/comitati.fisi.org\/alto-adige\/wp-content\/uploads\/sites\/24\/2026\/03\/Team_Ski-Alpin_2526_Alpe-Cimbra-2.jpeg 1200w\" sizes=\"(max-width: 768px) 100vw, 768px\" \/><\/figure>\n\n\n\n<figure class=\"wp-block-image size-large\"><img loading=\"lazy\" decoding=\"async\" width=\"768\" height=\"1024\" data-id=\"2663\" src=\"https:\/\/comitati.fisi.org\/alto-adige\/wp-content\/uploads\/sites\/24\/2026\/03\/Portraet_Ski-Alpin_2526_Gatterer-Ida_Alpe-Cimbra-768x1024.jpeg\" alt=\"\" class=\"wp-image-2663\" srcset=\"https:\/\/comitati.fisi.org\/alto-adige\/wp-content\/uploads\/sites\/24\/2026\/03\/Portraet_Ski-Alpin_2526_Gatterer-Ida_Alpe-Cimbra-768x1024.jpeg 768w, https:\/\/comitati.fisi.org\/alto-adige\/wp-content\/uploads\/sites\/24\/2026\/03\/Portraet_Ski-Alpin_2526_Gatterer-Ida_Alpe-Cimbra-225x300.jpeg 225w, https:\/\/comitati.fisi.org\/alto-adige\/wp-content\/uploads\/sites\/24\/2026\/03\/Portraet_Ski-Alpin_2526_Gatterer-Ida_Alpe-Cimbra-1152x1536.jpeg 1152w, https:\/\/comitati.fisi.org\/alto-adige\/wp-content\/uploads\/sites\/24\/2026\/03\/Portraet_Ski-Alpin_2526_Gatterer-Ida_Alpe-Cimbra.jpeg 1200w\" sizes=\"(max-width: 768px) 100vw, 768px\" \/><\/figure>\n\n\n\n<figure class=\"wp-block-image size-large\"><img loading=\"lazy\" decoding=\"async\" width=\"768\" height=\"1024\" data-id=\"2661\" src=\"https:\/\/comitati.fisi.org\/alto-adige\/wp-content\/uploads\/sites\/24\/2026\/03\/Portraet_Ski-Alpin_2526_Alpe-Cimbra_Molling-Mia-768x1024.png\" alt=\"\" class=\"wp-image-2661\" srcset=\"https:\/\/comitati.fisi.org\/alto-adige\/wp-content\/uploads\/sites\/24\/2026\/03\/Portraet_Ski-Alpin_2526_Alpe-Cimbra_Molling-Mia-768x1024.png 768w, https:\/\/comitati.fisi.org\/alto-adige\/wp-content\/uploads\/sites\/24\/2026\/03\/Portraet_Ski-Alpin_2526_Alpe-Cimbra_Molling-Mia-225x300.png 225w, https:\/\/comitati.fisi.org\/alto-adige\/wp-content\/uploads\/sites\/24\/2026\/03\/Portraet_Ski-Alpin_2526_Alpe-Cimbra_Molling-Mia-1152x1536.png 1152w, https:\/\/comitati.fisi.org\/alto-adige\/wp-content\/uploads\/sites\/24\/2026\/03\/Portraet_Ski-Alpin_2526_Alpe-Cimbra_Molling-Mia.png 1500w\" sizes=\"(max-width: 768px) 100vw, 768px\" \/><\/figure>\n\n\n\n<figure class=\"wp-block-image size-large\"><img loading=\"lazy\" decoding=\"async\" width=\"768\" height=\"1024\" data-id=\"2659\" src=\"https:\/\/comitati.fisi.org\/alto-adige\/wp-content\/uploads\/sites\/24\/2026\/03\/Portraet_Ski-Alpin_2526_Alpe-Cimbra-2-768x1024.jpg\" alt=\"\" class=\"wp-image-2659\" srcset=\"https:\/\/comitati.fisi.org\/alto-adige\/wp-content\/uploads\/sites\/24\/2026\/03\/Portraet_Ski-Alpin_2526_Alpe-Cimbra-2-768x1024.jpg 768w, https:\/\/comitati.fisi.org\/alto-adige\/wp-content\/uploads\/sites\/24\/2026\/03\/Portraet_Ski-Alpin_2526_Alpe-Cimbra-2-225x300.jpg 225w, https:\/\/comitati.fisi.org\/alto-adige\/wp-content\/uploads\/sites\/24\/2026\/03\/Portraet_Ski-Alpin_2526_Alpe-Cimbra-2.jpg 1080w\" sizes=\"(max-width: 768px) 100vw, 768px\" \/><\/figure>\n\n\n\n<figure class=\"wp-block-image size-large\"><img loading=\"lazy\" decoding=\"async\" width=\"768\" height=\"1024\" data-id=\"2657\" src=\"https:\/\/comitati.fisi.org\/alto-adige\/wp-content\/uploads\/sites\/24\/2026\/03\/Portraet_Ski-Alpin_2526_Alpe-Cimbra-2-768x1024.jpeg\" alt=\"\" class=\"wp-image-2657\" srcset=\"https:\/\/comitati.fisi.org\/alto-adige\/wp-content\/uploads\/sites\/24\/2026\/03\/Portraet_Ski-Alpin_2526_Alpe-Cimbra-2-768x1024.jpeg 768w, https:\/\/comitati.fisi.org\/alto-adige\/wp-content\/uploads\/sites\/24\/2026\/03\/Portraet_Ski-Alpin_2526_Alpe-Cimbra-2-225x300.jpeg 225w, https:\/\/comitati.fisi.org\/alto-adige\/wp-content\/uploads\/sites\/24\/2026\/03\/Portraet_Ski-Alpin_2526_Alpe-Cimbra-2-1152x1536.jpeg 1152w, https:\/\/comitati.fisi.org\/alto-adige\/wp-content\/uploads\/sites\/24\/2026\/03\/Portraet_Ski-Alpin_2526_Alpe-Cimbra-2.jpeg 1200w\" sizes=\"(max-width: 768px) 100vw, 768px\" \/><\/figure>\n\n\n\n<figure class=\"wp-block-image size-large\"><img loading=\"lazy\" decoding=\"async\" width=\"768\" height=\"1024\" data-id=\"2655\" src=\"https:\/\/comitati.fisi.org\/alto-adige\/wp-content\/uploads\/sites\/24\/2026\/03\/Portraet_Ski-Alpin_2526_Alpe-Cimbra-1-768x1024.jpg\" alt=\"\" class=\"wp-image-2655\" srcset=\"https:\/\/comitati.fisi.org\/alto-adige\/wp-content\/uploads\/sites\/24\/2026\/03\/Portraet_Ski-Alpin_2526_Alpe-Cimbra-1-768x1024.jpg 768w, https:\/\/comitati.fisi.org\/alto-adige\/wp-content\/uploads\/sites\/24\/2026\/03\/Portraet_Ski-Alpin_2526_Alpe-Cimbra-1-225x300.jpg 225w, https:\/\/comitati.fisi.org\/alto-adige\/wp-content\/uploads\/sites\/24\/2026\/03\/Portraet_Ski-Alpin_2526_Alpe-Cimbra-1.jpg 1080w\" sizes=\"(max-width: 768px) 100vw, 768px\" \/><\/figure>\n\n\n\n<figure class=\"wp-block-image size-large\"><img loading=\"lazy\" decoding=\"async\" width=\"768\" height=\"1024\" data-id=\"2653\" src=\"https:\/\/comitati.fisi.org\/alto-adige\/wp-content\/uploads\/sites\/24\/2026\/03\/Backstage_Ski-Alpin_2526_Alpe-Cimbra-4-768x1024.jpeg\" alt=\"\" class=\"wp-image-2653\" srcset=\"https:\/\/comitati.fisi.org\/alto-adige\/wp-content\/uploads\/sites\/24\/2026\/03\/Backstage_Ski-Alpin_2526_Alpe-Cimbra-4-768x1024.jpeg 768w, https:\/\/comitati.fisi.org\/alto-adige\/wp-content\/uploads\/sites\/24\/2026\/03\/Backstage_Ski-Alpin_2526_Alpe-Cimbra-4-225x300.jpeg 225w, https:\/\/comitati.fisi.org\/alto-adige\/wp-content\/uploads\/sites\/24\/2026\/03\/Backstage_Ski-Alpin_2526_Alpe-Cimbra-4-1152x1536.jpeg 1152w, https:\/\/comitati.fisi.org\/alto-adige\/wp-content\/uploads\/sites\/24\/2026\/03\/Backstage_Ski-Alpin_2526_Alpe-Cimbra-4.jpeg 1536w\" sizes=\"(max-width: 768px) 100vw, 768px\" \/><\/figure>\n\n\n\n<figure class=\"wp-block-image size-large\"><img loading=\"lazy\" decoding=\"async\" width=\"768\" height=\"1024\" data-id=\"2651\" src=\"https:\/\/comitati.fisi.org\/alto-adige\/wp-content\/uploads\/sites\/24\/2026\/03\/Backstage_Ski-Alpin_2526_Alpe-Cimbra-3-768x1024.jpeg\" alt=\"\" class=\"wp-image-2651\" srcset=\"https:\/\/comitati.fisi.org\/alto-adige\/wp-content\/uploads\/sites\/24\/2026\/03\/Backstage_Ski-Alpin_2526_Alpe-Cimbra-3-768x1024.jpeg 768w, https:\/\/comitati.fisi.org\/alto-adige\/wp-content\/uploads\/sites\/24\/2026\/03\/Backstage_Ski-Alpin_2526_Alpe-Cimbra-3-225x300.jpeg 225w, https:\/\/comitati.fisi.org\/alto-adige\/wp-content\/uploads\/sites\/24\/2026\/03\/Backstage_Ski-Alpin_2526_Alpe-Cimbra-3-1152x1536.jpeg 1152w, https:\/\/comitati.fisi.org\/alto-adige\/wp-content\/uploads\/sites\/24\/2026\/03\/Backstage_Ski-Alpin_2526_Alpe-Cimbra-3.jpeg 1536w\" sizes=\"(max-width: 768px) 100vw, 768px\" \/><\/figure>\n<\/figure>\n","protected":false},"excerpt":{"rendered":"<p>Bolzano, 9 marzo 2026 \u2013 A Folgaria luned\u00ec scorso ha avuto inizio la 65a Alpe Cimbra FIS Children Cup, una delle pi\u00f9 prestigiose competizioni giovanili per quanto riguarda lo sci alpino. Prima si sono svolte gare a livello nazionale, poi a livello internazionale. Alle competizioni hanno partecipato anche alcuni talenti locali, che hanno ottenuto svariati, ottimi risultati. Inoltre a Narvik,&hellip;<\/p>\n","protected":false},"author":7,"featured_media":2688,"comment_status":"open","ping_status":"open","sticky":false,"template":"","format":"standard","meta":{"_acf_changed":false,"footnotes":""},"categories":[7,4,5,6],"tags":[],"acf":[],"_links":{"self":[{"href":"https:\/\/comitati.fisi.org\/alto-adige\/wp-json\/wp\/v2\/posts\/2690"}],"collection":[{"href":"https:\/\/comitati.fisi.org\/alto-adige\/wp-json\/wp\/v2\/posts"}],"about":[{"href":"https:\/\/comitati.fisi.org\/alto-adige\/wp-json\/wp\/v2\/types\/post"}],"author":[{"embeddable":true,"href":"https:\/\/comitati.fisi.org\/alto-adige\/wp-json\/wp\/v2\/users\/7"}],"replies":[{"embeddable":true,"href":"https:\/\/comitati.fisi.org\/alto-adige\/wp-json\/wp\/v2\/comments?post=2690"}],"version-history":[{"count":4,"href":"https:\/\/comitati.fisi.org\/alto-adige\/wp-json\/wp\/v2\/posts\/2690\/revisions"}],"predecessor-version":[{"id":2755,"href":"https:\/\/comitati.fisi.org\/alto-adige\/wp-json\/wp\/v2\/posts\/2690\/revisions\/2755"}],"wp:featuredmedia":[{"embeddable":true,"href":"https:\/\/comitati.fisi.org\/alto-adige\/wp-json\/wp\/v2\/media\/2688"}],"wp:attachment":[{"href":"https:\/\/comitati.fisi.org\/alto-adige\/wp-json\/wp\/v2\/media?parent=2690"}],"wp:term":[{"taxonomy":"category","embeddable":true,"href":"https:\/\/comitati.fisi.org\/alto-adige\/wp-json\/wp\/v2\/categories?post=2690"},{"taxonomy":"post_tag","embeddable":true,"href":"https:\/\/comitati.fisi.org\/alto-adige\/wp-json\/wp\/v2\/tags?post=2690"}],"curies":[{"name":"wp","href":"https:\/\/api.w.org\/{rel}","templated":true}]}}