{"id":3152,"date":"2026-04-21T07:30:38","date_gmt":"2026-04-21T07:30:38","guid":{"rendered":"https:\/\/comitati.fisi.org\/alto-adige\/?p=3152"},"modified":"2026-04-21T07:30:39","modified_gmt":"2026-04-21T07:30:39","slug":"einige-heimische-wintersportler-zoegern-den-sommerurlaub-hinaus","status":"publish","type":"post","link":"https:\/\/comitati.fisi.org\/alto-adige\/de\/blog\/2026\/04\/21\/einige-heimische-wintersportler-zoegern-den-sommerurlaub-hinaus\/","title":{"rendered":"Einige heimische Wintersportler z\u00f6gern den Sommerurlaub hinaus"},"content":{"rendered":"\n<p>In Prali (Piemont) stand in der vergangenen Woche ein prall gef\u00fclltes Programm f\u00fcr die Techniker auf dem Programm. Los ging es am Donnerstag und Freitag mit je einem Riesentorlauf der Damen und Herren pro Tag, am Samstag und Sonntag standen dann noch jeweils ein Slalom pro Tag, jeweils f\u00fcr Damen und Herren, an. Mit dabei waren auch einige S\u00fcdtiroler. Bei den Herren gl\u00e4nzte Lukas Sieder (Freienfeld) prompt mit dem Sieg im ersten Riesentorlauf, der Landeskader-Athlet lie\u00df Edoardo Simonelli und Juno Mazzucconi hinter sich zur\u00fcck. Fast genauso gut machte es Alenah Taschler: Die Gsieserin landete im ersten Riesentorlauf am Donnerstag auf dem dritten Platz hinter Leandra Zehnder (Schweiz) und Beatrice Mazzoleni.<\/p>\n\n\n\n<p>Die starken Ergebnisse setzen sich auch am Wochenende bei den FIS-Slaloms in Prali fort. Denn Lukas Sieder holte in beiden Herren-Slaloms Podestpl\u00e4tze. Am Samstag wurde der Wipptaler hinter dem Albaner Denni Xhepa Zweiter, am Sonntag strahle er vom h\u00f6chsten Treppchen des Podests. Gleichzeitig standen in Mailand auch die Siegerehrungen f\u00fcr die Endwertung der Gran-Premio-d\u2019Italia-Serie an. Und die S\u00fcdtiroler Athletinnen und Athleten durften sich nach den starken Ergebnissen im Laufe des Jahres feiern lassen. In der Gesamtwertung der \u201eGiovani\u201c (Jahrg\u00e4nge 2005 bis 2009) gewann bei den Damen Sofia Parravicini, die um drei Jahre j\u00fcngere Arianna Putzer (Gr\u00f6den) wurde Zweite. Auf Rang vier landete Nadine Trocker (Seiser Alm Skiteam), auf Rang f\u00fcnf Nora Damian (Tiers) vom Landeskader. Bei den Herren reihten sich zwei S\u00fcdtiroler Landeskader-Athleten in den Top-F\u00fcnf der \u201eGiovani\u201c ein. Max Clara (St. Vigil in Enneberg) wurde Zweiter hinter Peter Corbellini, David Castlunger (Stern) holte Rang f\u00fcnf in der Endwertung.<\/p>\n\n\n\n<p>Auch in den technischen bzw. schnellen Gesamtwertungen landeten S\u00fcdtiroler auf dem Podium. Bei den \u201eGiovani\u201c der Damen in den technischen Disziplinen schloss Nora Pernstich (Aldein) vom S\u00fcdtiroler Landeskader auf Rang drei hinter Giulia Romele und Parravicini ab. In der Speed-Endwertung wurde Rita Granruaz (Abtei) Zweite hinter Parravicini, Arianna Putzer schloss auf Rang drei ab. Max Clara und David Castlunger schlossen im technischen Bereich der \u201eGiovani\u201c, Herren auf den Pl\u00e4tzen zwei und drei hinter Corbellini ab.<\/p>\n\n\n\n<p><strong>Gamper und Rifesser verpassen Abfahrt-Podest nur knapp<\/strong><\/p>\n\n\n\n<p>In Pila stiegen Anfang der Woche die letzten Rennen der Italienmeisterschaft der Altersklasse \u201eGiovani\u201c. Am Donnerstag stand dabei die Abfahrt der Herren auf dem Programm. Mit Noah Gamper (Marling) vom S\u00fcdtiroler Landeskader und Mike Rifesser (Ski Team Alta Badia), die Vierter und F\u00fcnfter wurden, verpassten zwei S\u00fcdtiroler nur knapp das Podest. Der Sieg ging an Luca Ruffinoni. Am selben Tag wurde noch eine Abfahrt abgehalten, die f\u00fcr den Gran Premio d\u2019Italia z\u00e4hlte, hierbei schaffte es Gamper hinter Ruffinoni und Glauco Antonioli als Dritter auf das Podest.<\/p>\n\n\n\n<p>Auch f\u00fcr die Altersklasse U16 stand am vergangenen Wochenende noch ein Wettkampf auf dem Programm. Im Skigebiet Hochzeiger in Nordtirol wurde n\u00e4mlich der 51. Dreil\u00e4ndervergleich zwischen den Landeskomitees von S\u00fcdtirol, Tirol und Bayern ausgetragen. Die Nachwuchstalente S\u00fcdtirols zeigten dabei gro\u00df auf. Am Samstag gl\u00fcckte Amy Happacher (3 Zinnen Dolomites) der Sieg im Riesentorlauf vor Lea Putzer (SC Gr\u00f6den). Bei den Herren wurde Simon Kaser (Seiser Alm Skiteam) Zweiter hinter dem Tiroler Ruiz Herzog. Am Sonntag ging es mit dem Slalom weiter. Und wieder gelang Amy Happacher der Sieg bei den Damen, dieses Mal vor Hannah Mahlknecht (Seiser Alm Skiteam). Im Slalom der Herren wurde Simon Kaser Dritter hinter dem Tiroler Finn Neururer und Toni Sindel aus Bayern.<\/p>\n\n\n\n<figure class=\"wp-block-gallery has-nested-images columns-default is-cropped wp-block-gallery-1 is-layout-flex wp-block-gallery-is-layout-flex\">\n<figure class=\"wp-block-image size-large\"><img loading=\"lazy\" decoding=\"async\" width=\"783\" height=\"1024\" data-id=\"3169\" src=\"https:\/\/comitati.fisi.org\/alto-adige\/wp-content\/uploads\/sites\/24\/2026\/04\/Taschler_Alenah_Rechts-a_destra_FIS_GS_Prali-783x1024.jpeg\" alt=\"\" class=\"wp-image-3169\" srcset=\"https:\/\/comitati.fisi.org\/alto-adige\/wp-content\/uploads\/sites\/24\/2026\/04\/Taschler_Alenah_Rechts-a_destra_FIS_GS_Prali-783x1024.jpeg 783w, https:\/\/comitati.fisi.org\/alto-adige\/wp-content\/uploads\/sites\/24\/2026\/04\/Taschler_Alenah_Rechts-a_destra_FIS_GS_Prali-229x300.jpeg 229w, https:\/\/comitati.fisi.org\/alto-adige\/wp-content\/uploads\/sites\/24\/2026\/04\/Taschler_Alenah_Rechts-a_destra_FIS_GS_Prali-768x1005.jpeg 768w, https:\/\/comitati.fisi.org\/alto-adige\/wp-content\/uploads\/sites\/24\/2026\/04\/Taschler_Alenah_Rechts-a_destra_FIS_GS_Prali-1174x1536.jpeg 1174w, https:\/\/comitati.fisi.org\/alto-adige\/wp-content\/uploads\/sites\/24\/2026\/04\/Taschler_Alenah_Rechts-a_destra_FIS_GS_Prali.jpeg 1320w\" sizes=\"(max-width: 783px) 100vw, 783px\" \/><\/figure>\n\n\n\n<figure class=\"wp-block-image size-large\"><img loading=\"lazy\" decoding=\"async\" width=\"829\" height=\"1024\" data-id=\"3165\" src=\"https:\/\/comitati.fisi.org\/alto-adige\/wp-content\/uploads\/sites\/24\/2026\/04\/Sieder_Lukas_links-a_sinstra_FIS-SL_Prali-829x1024.jpeg\" alt=\"\" class=\"wp-image-3165\" srcset=\"https:\/\/comitati.fisi.org\/alto-adige\/wp-content\/uploads\/sites\/24\/2026\/04\/Sieder_Lukas_links-a_sinstra_FIS-SL_Prali-829x1024.jpeg 829w, https:\/\/comitati.fisi.org\/alto-adige\/wp-content\/uploads\/sites\/24\/2026\/04\/Sieder_Lukas_links-a_sinstra_FIS-SL_Prali-243x300.jpeg 243w, https:\/\/comitati.fisi.org\/alto-adige\/wp-content\/uploads\/sites\/24\/2026\/04\/Sieder_Lukas_links-a_sinstra_FIS-SL_Prali-768x949.jpeg 768w, https:\/\/comitati.fisi.org\/alto-adige\/wp-content\/uploads\/sites\/24\/2026\/04\/Sieder_Lukas_links-a_sinstra_FIS-SL_Prali.jpeg 978w\" sizes=\"(max-width: 829px) 100vw, 829px\" \/><\/figure>\n\n\n\n<figure class=\"wp-block-image size-large\"><img loading=\"lazy\" decoding=\"async\" width=\"576\" height=\"1024\" data-id=\"3163\" src=\"https:\/\/comitati.fisi.org\/alto-adige\/wp-content\/uploads\/sites\/24\/2026\/04\/Mahlknecht_Hannah_Happacher_Amy_Kaser_Simon_Dreilaendervergleich-576x1024.jpeg\" alt=\"\" class=\"wp-image-3163\" srcset=\"https:\/\/comitati.fisi.org\/alto-adige\/wp-content\/uploads\/sites\/24\/2026\/04\/Mahlknecht_Hannah_Happacher_Amy_Kaser_Simon_Dreilaendervergleich-576x1024.jpeg 576w, https:\/\/comitati.fisi.org\/alto-adige\/wp-content\/uploads\/sites\/24\/2026\/04\/Mahlknecht_Hannah_Happacher_Amy_Kaser_Simon_Dreilaendervergleich-169x300.jpeg 169w, https:\/\/comitati.fisi.org\/alto-adige\/wp-content\/uploads\/sites\/24\/2026\/04\/Mahlknecht_Hannah_Happacher_Amy_Kaser_Simon_Dreilaendervergleich-768x1365.jpeg 768w, https:\/\/comitati.fisi.org\/alto-adige\/wp-content\/uploads\/sites\/24\/2026\/04\/Mahlknecht_Hannah_Happacher_Amy_Kaser_Simon_Dreilaendervergleich-864x1536.jpeg 864w, https:\/\/comitati.fisi.org\/alto-adige\/wp-content\/uploads\/sites\/24\/2026\/04\/Mahlknecht_Hannah_Happacher_Amy_Kaser_Simon_Dreilaendervergleich.jpeg 1152w\" sizes=\"(max-width: 576px) 100vw, 576px\" \/><\/figure>\n\n\n\n<figure class=\"wp-block-image size-large\"><img loading=\"lazy\" decoding=\"async\" width=\"768\" height=\"1024\" data-id=\"3161\" src=\"https:\/\/comitati.fisi.org\/alto-adige\/wp-content\/uploads\/sites\/24\/2026\/04\/GPI_Technik-techniche_Herren-maschile_Giovani-768x1024.jpeg\" alt=\"\" class=\"wp-image-3161\" srcset=\"https:\/\/comitati.fisi.org\/alto-adige\/wp-content\/uploads\/sites\/24\/2026\/04\/GPI_Technik-techniche_Herren-maschile_Giovani-768x1024.jpeg 768w, https:\/\/comitati.fisi.org\/alto-adige\/wp-content\/uploads\/sites\/24\/2026\/04\/GPI_Technik-techniche_Herren-maschile_Giovani-225x300.jpeg 225w, https:\/\/comitati.fisi.org\/alto-adige\/wp-content\/uploads\/sites\/24\/2026\/04\/GPI_Technik-techniche_Herren-maschile_Giovani-1152x1536.jpeg 1152w, https:\/\/comitati.fisi.org\/alto-adige\/wp-content\/uploads\/sites\/24\/2026\/04\/GPI_Technik-techniche_Herren-maschile_Giovani-1536x2048.jpeg 1536w, https:\/\/comitati.fisi.org\/alto-adige\/wp-content\/uploads\/sites\/24\/2026\/04\/GPI_Technik-techniche_Herren-maschile_Giovani-scaled.jpeg 1920w\" sizes=\"(max-width: 768px) 100vw, 768px\" \/><\/figure>\n\n\n\n<figure class=\"wp-block-image size-large\"><img loading=\"lazy\" decoding=\"async\" width=\"768\" height=\"1024\" data-id=\"3159\" src=\"https:\/\/comitati.fisi.org\/alto-adige\/wp-content\/uploads\/sites\/24\/2026\/04\/GPI_Technik-techniche_Damen-femminile_Giovani-768x1024.jpeg\" alt=\"\" class=\"wp-image-3159\" srcset=\"https:\/\/comitati.fisi.org\/alto-adige\/wp-content\/uploads\/sites\/24\/2026\/04\/GPI_Technik-techniche_Damen-femminile_Giovani-768x1024.jpeg 768w, https:\/\/comitati.fisi.org\/alto-adige\/wp-content\/uploads\/sites\/24\/2026\/04\/GPI_Technik-techniche_Damen-femminile_Giovani-225x300.jpeg 225w, https:\/\/comitati.fisi.org\/alto-adige\/wp-content\/uploads\/sites\/24\/2026\/04\/GPI_Technik-techniche_Damen-femminile_Giovani-1152x1536.jpeg 1152w, https:\/\/comitati.fisi.org\/alto-adige\/wp-content\/uploads\/sites\/24\/2026\/04\/GPI_Technik-techniche_Damen-femminile_Giovani-1536x2048.jpeg 1536w, https:\/\/comitati.fisi.org\/alto-adige\/wp-content\/uploads\/sites\/24\/2026\/04\/GPI_Technik-techniche_Damen-femminile_Giovani-scaled.jpeg 1920w\" sizes=\"(max-width: 768px) 100vw, 768px\" \/><\/figure>\n\n\n\n<figure class=\"wp-block-image size-large\"><img loading=\"lazy\" decoding=\"async\" width=\"1024\" height=\"768\" data-id=\"3157\" src=\"https:\/\/comitati.fisi.org\/alto-adige\/wp-content\/uploads\/sites\/24\/2026\/04\/GPI_Speed-velocita_Damen-femminile_Giovani-1024x768.jpeg\" alt=\"\" class=\"wp-image-3157\" srcset=\"https:\/\/comitati.fisi.org\/alto-adige\/wp-content\/uploads\/sites\/24\/2026\/04\/GPI_Speed-velocita_Damen-femminile_Giovani-1024x768.jpeg 1024w, https:\/\/comitati.fisi.org\/alto-adige\/wp-content\/uploads\/sites\/24\/2026\/04\/GPI_Speed-velocita_Damen-femminile_Giovani-300x225.jpeg 300w, https:\/\/comitati.fisi.org\/alto-adige\/wp-content\/uploads\/sites\/24\/2026\/04\/GPI_Speed-velocita_Damen-femminile_Giovani-768x576.jpeg 768w, https:\/\/comitati.fisi.org\/alto-adige\/wp-content\/uploads\/sites\/24\/2026\/04\/GPI_Speed-velocita_Damen-femminile_Giovani-1536x1152.jpeg 1536w, https:\/\/comitati.fisi.org\/alto-adige\/wp-content\/uploads\/sites\/24\/2026\/04\/GPI_Speed-velocita_Damen-femminile_Giovani-2048x1536.jpeg 2048w\" sizes=\"(max-width: 1024px) 100vw, 1024px\" \/><\/figure>\n\n\n\n<figure class=\"wp-block-image size-large\"><img loading=\"lazy\" decoding=\"async\" width=\"768\" height=\"1024\" data-id=\"3155\" src=\"https:\/\/comitati.fisi.org\/alto-adige\/wp-content\/uploads\/sites\/24\/2026\/04\/GPI_Gesamtwertung-classifica_generale_Herren-maschile_Giovani-768x1024.jpeg\" alt=\"\" class=\"wp-image-3155\" srcset=\"https:\/\/comitati.fisi.org\/alto-adige\/wp-content\/uploads\/sites\/24\/2026\/04\/GPI_Gesamtwertung-classifica_generale_Herren-maschile_Giovani-768x1024.jpeg 768w, https:\/\/comitati.fisi.org\/alto-adige\/wp-content\/uploads\/sites\/24\/2026\/04\/GPI_Gesamtwertung-classifica_generale_Herren-maschile_Giovani-225x300.jpeg 225w, https:\/\/comitati.fisi.org\/alto-adige\/wp-content\/uploads\/sites\/24\/2026\/04\/GPI_Gesamtwertung-classifica_generale_Herren-maschile_Giovani-1152x1536.jpeg 1152w, https:\/\/comitati.fisi.org\/alto-adige\/wp-content\/uploads\/sites\/24\/2026\/04\/GPI_Gesamtwertung-classifica_generale_Herren-maschile_Giovani-1536x2048.jpeg 1536w, https:\/\/comitati.fisi.org\/alto-adige\/wp-content\/uploads\/sites\/24\/2026\/04\/GPI_Gesamtwertung-classifica_generale_Herren-maschile_Giovani-scaled.jpeg 1920w\" sizes=\"(max-width: 768px) 100vw, 768px\" \/><\/figure>\n\n\n\n<figure class=\"wp-block-image size-large\"><img loading=\"lazy\" decoding=\"async\" width=\"768\" height=\"1024\" data-id=\"3153\" src=\"https:\/\/comitati.fisi.org\/alto-adige\/wp-content\/uploads\/sites\/24\/2026\/04\/GPI_Gesamtwertung-classifica_generale_Damen-femminile_Giovani-768x1024.jpeg\" alt=\"\" class=\"wp-image-3153\" srcset=\"https:\/\/comitati.fisi.org\/alto-adige\/wp-content\/uploads\/sites\/24\/2026\/04\/GPI_Gesamtwertung-classifica_generale_Damen-femminile_Giovani-768x1024.jpeg 768w, https:\/\/comitati.fisi.org\/alto-adige\/wp-content\/uploads\/sites\/24\/2026\/04\/GPI_Gesamtwertung-classifica_generale_Damen-femminile_Giovani-225x300.jpeg 225w, https:\/\/comitati.fisi.org\/alto-adige\/wp-content\/uploads\/sites\/24\/2026\/04\/GPI_Gesamtwertung-classifica_generale_Damen-femminile_Giovani-1152x1536.jpeg 1152w, https:\/\/comitati.fisi.org\/alto-adige\/wp-content\/uploads\/sites\/24\/2026\/04\/GPI_Gesamtwertung-classifica_generale_Damen-femminile_Giovani-1536x2048.jpeg 1536w, https:\/\/comitati.fisi.org\/alto-adige\/wp-content\/uploads\/sites\/24\/2026\/04\/GPI_Gesamtwertung-classifica_generale_Damen-femminile_Giovani-scaled.jpeg 1920w\" sizes=\"(max-width: 768px) 100vw, 768px\" \/><\/figure>\n<\/figure>\n","protected":false},"excerpt":{"rendered":"<p>Bozen, 20. April 2026 \u2013 F\u00fcr den Gro\u00dfteil der S\u00fcdtiroler Wintersportlerinnen und Wintersportler ist die Saison 2025\/26 zu Ende. Aber nicht f\u00fcr alle: Einige Skirennl\u00e4uferinnen und Skirennl\u00e4ufer nutzen noch die letzten Rennen im Alpenraum, um weiter an sich zu feilen. So geschehen bei den FIS-Rennen in Prali, aber auch beim letzten Wettkampf der Italienmeisterschaft der Altersklasse \u201eGiovani\u201c in Pila und dem Dreil\u00e4ndervergleich im Skigebiet Hochzeiger in Nordtirol.<\/p>\n","protected":false},"author":7,"featured_media":3167,"comment_status":"open","ping_status":"open","sticky":false,"template":"","format":"standard","meta":{"_acf_changed":false,"footnotes":""},"categories":[20,18,16,17],"tags":[],"acf":[],"_links":{"self":[{"href":"https:\/\/comitati.fisi.org\/alto-adige\/de\/wp-json\/wp\/v2\/posts\/3152"}],"collection":[{"href":"https:\/\/comitati.fisi.org\/alto-adige\/de\/wp-json\/wp\/v2\/posts"}],"about":[{"href":"https:\/\/comitati.fisi.org\/alto-adige\/de\/wp-json\/wp\/v2\/types\/post"}],"author":[{"embeddable":true,"href":"https:\/\/comitati.fisi.org\/alto-adige\/de\/wp-json\/wp\/v2\/users\/7"}],"replies":[{"embeddable":true,"href":"https:\/\/comitati.fisi.org\/alto-adige\/de\/wp-json\/wp\/v2\/comments?post=3152"}],"version-history":[{"count":1,"href":"https:\/\/comitati.fisi.org\/alto-adige\/de\/wp-json\/wp\/v2\/posts\/3152\/revisions"}],"predecessor-version":[{"id":3171,"href":"https:\/\/comitati.fisi.org\/alto-adige\/de\/wp-json\/wp\/v2\/posts\/3152\/revisions\/3171"}],"wp:featuredmedia":[{"embeddable":true,"href":"https:\/\/comitati.fisi.org\/alto-adige\/de\/wp-json\/wp\/v2\/media\/3167"}],"wp:attachment":[{"href":"https:\/\/comitati.fisi.org\/alto-adige\/de\/wp-json\/wp\/v2\/media?parent=3152"}],"wp:term":[{"taxonomy":"category","embeddable":true,"href":"https:\/\/comitati.fisi.org\/alto-adige\/de\/wp-json\/wp\/v2\/categories?post=3152"},{"taxonomy":"post_tag","embeddable":true,"href":"https:\/\/comitati.fisi.org\/alto-adige\/de\/wp-json\/wp\/v2\/tags?post=3152"}],"curies":[{"name":"wp","href":"https:\/\/api.w.org\/{rel}","templated":true}]}}