{"id":2825,"date":"2026-03-14T14:22:13","date_gmt":"2026-03-14T14:22:13","guid":{"rendered":"https:\/\/comitati.fisi.org\/alto-adige\/?p=2825"},"modified":"2026-03-14T14:22:13","modified_gmt":"2026-03-14T14:22:13","slug":"doppel-juniorenweltmeisterin-anna-trocker-schlaegt-auch-im-slalom-zu","status":"publish","type":"post","link":"https:\/\/comitati.fisi.org\/alto-adige\/de\/blog\/2026\/03\/14\/doppel-juniorenweltmeisterin-anna-trocker-schlaegt-auch-im-slalom-zu\/","title":{"rendered":"Doppel-Juniorenweltmeisterin: Anna Trocker schl\u00e4gt auch im Slalom zu"},"content":{"rendered":"\n<p><strong>Anna Trocker<\/strong> war mit Startnummer 1 ins Rennen gegangen und hatte mit 55,71 Sekunden eine Zeit in den Schnee gezaubert, an der sich in der Folge die gesamte Konkurrenz die Z\u00e4hne ausbiss. Die 17-J\u00e4hrige zeigte in der Entscheidung keine Nerven und verteidigte die F\u00fchrung souver\u00e4n. Mit der Gesamtzeit von 1.51,59 Minuten setzte sich die V\u00f6lserin ungef\u00e4hrdet durch und verwies Leonie Raich auf den zweiten Platz. Die \u00d6sterreicherin war 2,29 Sekunden langsamer als ihre S\u00fcdtiroler Kollegin. Das Podium komplettierte Aada Kanto aus Finnland, die sich im zweiten Durchgang um acht Positionen verbessern konnte. Ihr R\u00fcckstand auf Trocker betrug 3,78 Sekunden.<\/p>\n\n\n\n<p>Mit Victoria Klotz aus Bozen war am Samstag beim Slalom eine zweite S\u00fcdtirolerin am Start. Sie schied im ersten Durchgang aus. F\u00fcr Trocker war es hingegen das dritte Edelmetall bei den Titelk\u00e4mpfen im Hohen Norden. Neben den beiden \u201eGoldenen\u201c in Riesentorlauf und Slalom hatte sie am vergangenen Sonntag mit Ludovica Righi Silber in der Team-Kombination gewonnen.<\/p>\n","protected":false},"excerpt":{"rendered":"<p>Bozen, 14. M\u00e4rz 2026 \u2013 Nach Gold im Riesentorlauf am Donnerstag hat Anna Trocker am heutigen Samstag im Slalom nachgelegt. Die 17-j\u00e4hrige V\u00f6lserin hat bei den Junioren-Weltmeisterschaften in Narvik damit in beiden technischen Disziplinen den Sieg davongetragen. Ein Kunstst\u00fcck, das vor ihr noch keiner Rennl\u00e4uferin und keinem Rennl\u00e4ufer der italienischen Nationalmannschaft bei Junioren-Weltmeisterschaften gegl\u00fcckt ist. <\/p>\n","protected":false},"author":7,"featured_media":2826,"comment_status":"open","ping_status":"open","sticky":false,"template":"","format":"standard","meta":{"_acf_changed":false,"footnotes":""},"categories":[20,18,16,17],"tags":[],"acf":[],"_links":{"self":[{"href":"https:\/\/comitati.fisi.org\/alto-adige\/de\/wp-json\/wp\/v2\/posts\/2825"}],"collection":[{"href":"https:\/\/comitati.fisi.org\/alto-adige\/de\/wp-json\/wp\/v2\/posts"}],"about":[{"href":"https:\/\/comitati.fisi.org\/alto-adige\/de\/wp-json\/wp\/v2\/types\/post"}],"author":[{"embeddable":true,"href":"https:\/\/comitati.fisi.org\/alto-adige\/de\/wp-json\/wp\/v2\/users\/7"}],"replies":[{"embeddable":true,"href":"https:\/\/comitati.fisi.org\/alto-adige\/de\/wp-json\/wp\/v2\/comments?post=2825"}],"version-history":[{"count":1,"href":"https:\/\/comitati.fisi.org\/alto-adige\/de\/wp-json\/wp\/v2\/posts\/2825\/revisions"}],"predecessor-version":[{"id":2828,"href":"https:\/\/comitati.fisi.org\/alto-adige\/de\/wp-json\/wp\/v2\/posts\/2825\/revisions\/2828"}],"wp:featuredmedia":[{"embeddable":true,"href":"https:\/\/comitati.fisi.org\/alto-adige\/de\/wp-json\/wp\/v2\/media\/2826"}],"wp:attachment":[{"href":"https:\/\/comitati.fisi.org\/alto-adige\/de\/wp-json\/wp\/v2\/media?parent=2825"}],"wp:term":[{"taxonomy":"category","embeddable":true,"href":"https:\/\/comitati.fisi.org\/alto-adige\/de\/wp-json\/wp\/v2\/categories?post=2825"},{"taxonomy":"post_tag","embeddable":true,"href":"https:\/\/comitati.fisi.org\/alto-adige\/de\/wp-json\/wp\/v2\/tags?post=2825"}],"curies":[{"name":"wp","href":"https:\/\/api.w.org\/{rel}","templated":true}]}}