{"id":2814,"date":"2026-03-12T18:03:46","date_gmt":"2026-03-12T18:03:46","guid":{"rendered":"https:\/\/comitati.fisi.org\/alto-adige\/?p=2814"},"modified":"2026-03-12T18:03:48","modified_gmt":"2026-03-12T18:03:48","slug":"anna-trocker-ist-junioren-weltmeisterin-im-riesentorlauf","status":"publish","type":"post","link":"https:\/\/comitati.fisi.org\/alto-adige\/de\/blog\/2026\/03\/12\/anna-trocker-ist-junioren-weltmeisterin-im-riesentorlauf\/","title":{"rendered":"Anna Trocker ist Junioren-Weltmeisterin im Riesentorlauf"},"content":{"rendered":"\n<p>Dass <strong>Anna Trocker<\/strong> eines der gr\u00f6\u00dften S\u00fcdtiroler Skitalente ist, war schon vor Saisonbeginn klar. Dass die V\u00f6lserin aber einen derart kometenhaften Aufstieg erleben w\u00fcrde, das konnte keiner voraussagen. Nach den ersten Erfahrungen im Weltcup und der Einberufung zu den Olympischen Winterspielen hat die 17-J\u00e4hrige nun erneut unter Beweis gestellt, dass die Zukunft ihr geh\u00f6rt. In Narvik holte sich die Technik-Spezialistin Gold im Riesentorlauf der Damen. Nach dem ersten Durchgang am Donnerstagvormittag lag Trocker mit der Zeit von 1.00,17 Minuten an erster Stelle und brachte sich damit f\u00fcr eine Medaille in Stellung. Auch im zweiten Lauf entt\u00e4uschte sie nicht. Den absolvierte sie in 1.00,87 Minuten, womit sie die drittbeste Laufzeit lieferte und im Gesamtergebnis mit 2.04,04 Minuten an erster Stelle lag. Dabei betrug ihr Vorsprung auf die Silbergewinnerin Elisabeth Bocock aus den USA mehr als eine Sekunde (+1,37) \u2013 eine Machtdemonstration. Bronze holte sich mit Tatum Bieler eine weitere \u201eAzzurra\u201c (+1,75 Sekunden). F\u00fcr Trocker ist es das bereits zweite Edelmetall bei der Junioren-Weltmeisterschaft in Norwegen, nachdem sie am vergangenen Sonntag mit Ludovica Righi Silber in der Team-Kombination gewonnen hatte. Die n\u00e4chste Medaillenchance hat die V\u00f6lserin au\u00dferdem am Samstag, wenn der Slalom auf dem Programm steht.<\/p>\n\n\n\n<figure class=\"wp-block-gallery has-nested-images columns-default is-cropped wp-block-gallery-1 is-layout-flex wp-block-gallery-is-layout-flex\">\n<figure class=\"wp-block-image size-large\"><img loading=\"lazy\" decoding=\"async\" width=\"1024\" height=\"683\" data-id=\"2815\" src=\"https:\/\/comitati.fisi.org\/alto-adige\/wp-content\/uploads\/sites\/24\/2026\/03\/Trocker_Anna_J-WM_Narvik_Credits_JWSC_2026-1024x683.jpeg\" alt=\"\" class=\"wp-image-2815\" srcset=\"https:\/\/comitati.fisi.org\/alto-adige\/wp-content\/uploads\/sites\/24\/2026\/03\/Trocker_Anna_J-WM_Narvik_Credits_JWSC_2026-1024x683.jpeg 1024w, https:\/\/comitati.fisi.org\/alto-adige\/wp-content\/uploads\/sites\/24\/2026\/03\/Trocker_Anna_J-WM_Narvik_Credits_JWSC_2026-300x200.jpeg 300w, https:\/\/comitati.fisi.org\/alto-adige\/wp-content\/uploads\/sites\/24\/2026\/03\/Trocker_Anna_J-WM_Narvik_Credits_JWSC_2026-768x512.jpeg 768w, https:\/\/comitati.fisi.org\/alto-adige\/wp-content\/uploads\/sites\/24\/2026\/03\/Trocker_Anna_J-WM_Narvik_Credits_JWSC_2026-1536x1024.jpeg 1536w, https:\/\/comitati.fisi.org\/alto-adige\/wp-content\/uploads\/sites\/24\/2026\/03\/Trocker_Anna_J-WM_Narvik_Credits_JWSC_2026-2048x1365.jpeg 2048w\" sizes=\"(max-width: 1024px) 100vw, 1024px\" \/><\/figure>\n<\/figure>\n","protected":false},"excerpt":{"rendered":"<p>Bozen, 12. M\u00e4rz 2026 \u2013 Anna Trocker hat jetzt schon eine erstaunliche Saison 2025\/26 hinter sich. Nach dem Weltcup-Deb\u00fct im Dezember, durfte die V\u00f6lserin auch bei den Olympischen Winterspielen 2026 Mailand Cortina starten. Nun folgte der n\u00e4chste Streich: Die 17-J\u00e4hrige hat sich am Donnerstag in Narvik (Norwegen) zur Junioren-Weltmeisterin im Riesentorlauf gek\u00fcrt.<\/p>\n","protected":false},"author":7,"featured_media":2817,"comment_status":"open","ping_status":"open","sticky":false,"template":"","format":"standard","meta":{"_acf_changed":false,"footnotes":""},"categories":[18,16,17,9],"tags":[],"acf":[],"_links":{"self":[{"href":"https:\/\/comitati.fisi.org\/alto-adige\/de\/wp-json\/wp\/v2\/posts\/2814"}],"collection":[{"href":"https:\/\/comitati.fisi.org\/alto-adige\/de\/wp-json\/wp\/v2\/posts"}],"about":[{"href":"https:\/\/comitati.fisi.org\/alto-adige\/de\/wp-json\/wp\/v2\/types\/post"}],"author":[{"embeddable":true,"href":"https:\/\/comitati.fisi.org\/alto-adige\/de\/wp-json\/wp\/v2\/users\/7"}],"replies":[{"embeddable":true,"href":"https:\/\/comitati.fisi.org\/alto-adige\/de\/wp-json\/wp\/v2\/comments?post=2814"}],"version-history":[{"count":2,"href":"https:\/\/comitati.fisi.org\/alto-adige\/de\/wp-json\/wp\/v2\/posts\/2814\/revisions"}],"predecessor-version":[{"id":2822,"href":"https:\/\/comitati.fisi.org\/alto-adige\/de\/wp-json\/wp\/v2\/posts\/2814\/revisions\/2822"}],"wp:featuredmedia":[{"embeddable":true,"href":"https:\/\/comitati.fisi.org\/alto-adige\/de\/wp-json\/wp\/v2\/media\/2817"}],"wp:attachment":[{"href":"https:\/\/comitati.fisi.org\/alto-adige\/de\/wp-json\/wp\/v2\/media?parent=2814"}],"wp:term":[{"taxonomy":"category","embeddable":true,"href":"https:\/\/comitati.fisi.org\/alto-adige\/de\/wp-json\/wp\/v2\/categories?post=2814"},{"taxonomy":"post_tag","embeddable":true,"href":"https:\/\/comitati.fisi.org\/alto-adige\/de\/wp-json\/wp\/v2\/tags?post=2814"}],"curies":[{"name":"wp","href":"https:\/\/api.w.org\/{rel}","templated":true}]}}