{"id":2778,"date":"2026-03-11T12:55:25","date_gmt":"2026-03-11T12:55:25","guid":{"rendered":"https:\/\/comitati.fisi.org\/alto-adige\/?p=2778"},"modified":"2026-03-11T13:22:31","modified_gmt":"2026-03-11T13:22:31","slug":"auch-die-rodler-kueren-ihre-landesmeister","status":"publish","type":"post","link":"https:\/\/comitati.fisi.org\/alto-adige\/de\/blog\/2026\/03\/11\/auch-die-rodler-kueren-ihre-landesmeister\/","title":{"rendered":"Auch die Rodler k\u00fcren ihre Landesmeister"},"content":{"rendered":"\n<p>Auf Plan de Gralba in Gr\u00f6den wurden am vergangenen Wochenende die neuen Landesmeister im Rodeln gek\u00fcrt. Im Einsatz waren Alpin- und Sportrodler. An den Wettk\u00e4mpfen beteiligten sich rund 140 Rodlerinnen und Rodler. Hier die neuen Landesmeister im \u00dcberblick:<\/p>\n\n\n\n<p><strong>Alpinrodeln:<\/strong><\/p>\n\n\n\n<p><strong>Doppelsitzer:<\/strong> Matthias Lambacher\/Peter Lambacher (Villn\u00f6\u00df)<\/p>\n\n\n\n<p><strong>Sch\u00fcler 2:<\/strong> Ida Genesio (Latsch) und Simon Matzoll (Ulten)<\/p>\n\n\n\n<p><strong>Jugend 1:<\/strong> Greta Hillebrand (V\u00f6llan) und Simon Torggler (Latzfons)<\/p>\n\n\n\n<p><strong>Jugend 2: <\/strong>Paula Fink (Latzfons) und Lian Pitscheider (Gr\u00f6den)<\/p>\n\n\n\n<p><strong>Junioren 1:<\/strong> Nina Castiglioni (Latsch) und Simon Gamper (Feldthurns)<\/p>\n\n\n\n<p><strong>Junioren 2: <\/strong>Lotte Mulser (V\u00f6ls) und Andreas Hofer (Passeier)<\/p>\n\n\n\n<p><strong>allg. Klasse:<\/strong> Jenny Castiglioni (Latsch) und Alex Oberhofer (Laas)<\/p>\n\n\n\n<p><strong>Sportrodeln:<\/strong><\/p>\n\n\n\n<p><strong>Doppelsitzer:<\/strong> Lambacher\/Schwienbacher (Villn\u00f6\u00df)<\/p>\n\n\n\n<p><strong>Sch\u00fcler 2:<\/strong> Sofia Petriffer (Villn\u00f6\u00df) und Julian Geiser (Laugen Tisens)<\/p>\n\n\n\n<p><strong>Jugend 1:<\/strong> Alex Lamprecht (Villn\u00f6\u00df)<\/p>\n\n\n\n<p><strong>Jugend 2:<\/strong> Teresa Runggatscher (Villn\u00f6\u00df) und Stefan Geiser (Laugen Tisens)<\/p>\n\n\n\n<p><strong>Junioren 1:<\/strong> Theresa Rainer (Jaufental) und Peter Runggatscher (Villn\u00f6\u00df)<\/p>\n\n\n\n<p><strong>Junioren 2:<\/strong> Silvia Runggatscher (Villn\u00f6\u00df) und Moritz Oberhauser (L\u00fcsen)<\/p>\n\n\n\n<p><strong>allg. Klasse:<\/strong> Theresa Hilpold (Latzfons) und Simon Schwienbacher (Laugen Tisens)<\/p>\n\n\n\n<p><strong>Master:<\/strong> Meinhard Pircher (Laugen Tisens)<\/p>\n","protected":false},"excerpt":{"rendered":"<p>Auf Plan de Gralba in Gr\u00f6den wurden am vergangenen Wochenende die neuen Landesmeister im Rodeln gek\u00fcrt. Im Einsatz waren Alpin- und Sportrodler. An den Wettk\u00e4mpfen beteiligten sich rund 140 Rodlerinnen und Rodler. Hier die neuen Landesmeister im \u00dcberblick: Alpinrodeln: Doppelsitzer: Matthias Lambacher\/Peter Lambacher (Villn\u00f6\u00df) Sch\u00fcler 2: Ida Genesio (Latsch) und Simon Matzoll (Ulten) Jugend 1: Greta Hillebrand (V\u00f6llan) und Simon&hellip;<\/p>\n","protected":false},"author":7,"featured_media":2791,"comment_status":"open","ping_status":"open","sticky":false,"template":"","format":"standard","meta":{"_acf_changed":false,"footnotes":""},"categories":[20,18,16,17],"tags":[],"acf":[],"_links":{"self":[{"href":"https:\/\/comitati.fisi.org\/alto-adige\/de\/wp-json\/wp\/v2\/posts\/2778"}],"collection":[{"href":"https:\/\/comitati.fisi.org\/alto-adige\/de\/wp-json\/wp\/v2\/posts"}],"about":[{"href":"https:\/\/comitati.fisi.org\/alto-adige\/de\/wp-json\/wp\/v2\/types\/post"}],"author":[{"embeddable":true,"href":"https:\/\/comitati.fisi.org\/alto-adige\/de\/wp-json\/wp\/v2\/users\/7"}],"replies":[{"embeddable":true,"href":"https:\/\/comitati.fisi.org\/alto-adige\/de\/wp-json\/wp\/v2\/comments?post=2778"}],"version-history":[{"count":1,"href":"https:\/\/comitati.fisi.org\/alto-adige\/de\/wp-json\/wp\/v2\/posts\/2778\/revisions"}],"predecessor-version":[{"id":2779,"href":"https:\/\/comitati.fisi.org\/alto-adige\/de\/wp-json\/wp\/v2\/posts\/2778\/revisions\/2779"}],"wp:featuredmedia":[{"embeddable":true,"href":"https:\/\/comitati.fisi.org\/alto-adige\/de\/wp-json\/wp\/v2\/media\/2791"}],"wp:attachment":[{"href":"https:\/\/comitati.fisi.org\/alto-adige\/de\/wp-json\/wp\/v2\/media?parent=2778"}],"wp:term":[{"taxonomy":"category","embeddable":true,"href":"https:\/\/comitati.fisi.org\/alto-adige\/de\/wp-json\/wp\/v2\/categories?post=2778"},{"taxonomy":"post_tag","embeddable":true,"href":"https:\/\/comitati.fisi.org\/alto-adige\/de\/wp-json\/wp\/v2\/tags?post=2778"}],"curies":[{"name":"wp","href":"https:\/\/api.w.org\/{rel}","templated":true}]}}