{"id":2770,"date":"2026-03-11T12:47:37","date_gmt":"2026-03-11T12:47:37","guid":{"rendered":"https:\/\/comitati.fisi.org\/alto-adige\/?p=2770"},"modified":"2026-03-11T14:13:53","modified_gmt":"2026-03-11T14:13:53","slug":"keine-medaillen-bei-junioren-wms-in-lillehammer-und-calgary","status":"publish","type":"post","link":"https:\/\/comitati.fisi.org\/alto-adige\/de\/blog\/2026\/03\/11\/keine-medaillen-bei-junioren-wms-in-lillehammer-und-calgary\/","title":{"rendered":"Keine Medaillen bei Junioren-WM\u2019s in Lillehammer und Calgary"},"content":{"rendered":"\n<p>F\u00fcr die restlichen S\u00fcdtirolerinnen und S\u00fcdtiroler, die bei Junioren-Weltmeisterschaften im Einsatz waren, gab es keinen Medaillenerfolg. In Lillehammer (Norwegen), wo die nordischen Disziplinen ausgetragen werden, stach der sechste Platz der Gr\u00f6dnerin Leonie Runggaldier mit dem italienischen Damen-Team im Skisprung-Teamevent hervor. Im Mixed-Team an der Seite ihres Gr\u00f6dner Landsmanns Maximilian Gartner holten sie Rang 14. Im Einzel gab es f\u00fcr Runggaldier Rang 25 und f\u00fcr Gartner Rang 27. In der Nordischen Kombination wurde der Gr\u00f6dner Manuel Senoner im Einzel 18., seine Schwester Anna Senoner holte Rang 30. Im Team wurde Manuel Senoner mit der italienischen Auswahl Achter.<\/p>\n\n\n\n<p>Im kanadischen Calgary stieg in den vergangenen Tagen die Junioren-Weltmeisterschaft der Ski-Freestyler. Dabei wusste der Bozner Max Von Aufschnaiter erneut zu \u00fcberzeugen, er wurde im Big Air starker Neunter. Der Gr\u00f6dner Alex Putzer reihte sich auf Rang 41 ein, der Bozner Elia Baez Locher auf Rang 58. Im Rail-Event kamen die S\u00fcdtiroler mit den schwierigen Bedingungen nicht zurecht und landeten jenseits der Top-Pl\u00e4tze. Von Aufschnaiter wurde 22., Putzer 30. und Baez Locher 51.<\/p>\n\n\n\n<p>Die anderen Ski-Freestyler waren am Sonntag beim FIS Junior Race im Slopestyle in Stubai (\u00d6sterreich) im Einsatz. Jonas Gasslitter vom Landeskader schaffte es nach seinem Verletzungs-Comeback sensationell auf Rang vier und verpasste das Podium nur knapp. Jakob Aichner (Hafling\/Landeskader) wurde Achter, Liam Gamper (Ritten\/Landeskader) konnte nach einem Trainingssturz nicht starten. Auch an den Start gehen durfte der junge Colin Vinatzer aus Gr\u00f6den.<\/p>\n\n\n\n<p>F\u00fcr die Jugend-Langl\u00e4ufer stand indes in Bosco Chiesanuova (Veneto) die U16-Italienmeisterschaft auf dem Programm. Nach einigen ordentlichen Platzierungen in den Einzel-Wettk\u00e4mpfen, unter anderem Rang 3 f\u00fcr Jana Gufler im Sprint, schaffte es die S\u00fcdtiroler Damen-Staffel bestehend aus Magda Moser, Anne Kuppelwieser und Jana Gufler am Sonntag zum Sieg, womit sich das Trio zu U16-Italienmeisterinnen k\u00fcrte.<\/p>\n\n\n\n<figure class=\"wp-block-gallery has-nested-images columns-default is-cropped wp-block-gallery-1 is-layout-flex wp-block-gallery-is-layout-flex\">\n<figure class=\"wp-block-image size-large\"><img loading=\"lazy\" decoding=\"async\" width=\"1024\" height=\"768\" data-id=\"2803\" src=\"https:\/\/comitati.fisi.org\/alto-adige\/wp-content\/uploads\/sites\/24\/2026\/03\/Team_Langlauf_2526_Ita_Moser_Kuppelwieser_Gifler-1024x768.jpeg\" alt=\"\" class=\"wp-image-2803\" srcset=\"https:\/\/comitati.fisi.org\/alto-adige\/wp-content\/uploads\/sites\/24\/2026\/03\/Team_Langlauf_2526_Ita_Moser_Kuppelwieser_Gifler-1024x768.jpeg 1024w, https:\/\/comitati.fisi.org\/alto-adige\/wp-content\/uploads\/sites\/24\/2026\/03\/Team_Langlauf_2526_Ita_Moser_Kuppelwieser_Gifler-300x225.jpeg 300w, https:\/\/comitati.fisi.org\/alto-adige\/wp-content\/uploads\/sites\/24\/2026\/03\/Team_Langlauf_2526_Ita_Moser_Kuppelwieser_Gifler-768x576.jpeg 768w, https:\/\/comitati.fisi.org\/alto-adige\/wp-content\/uploads\/sites\/24\/2026\/03\/Team_Langlauf_2526_Ita_Moser_Kuppelwieser_Gifler-1536x1152.jpeg 1536w, https:\/\/comitati.fisi.org\/alto-adige\/wp-content\/uploads\/sites\/24\/2026\/03\/Team_Langlauf_2526_Ita_Moser_Kuppelwieser_Gifler.jpeg 2048w\" sizes=\"(max-width: 1024px) 100vw, 1024px\" \/><\/figure>\n\n\n\n<figure class=\"wp-block-image size-large\"><img loading=\"lazy\" decoding=\"async\" width=\"768\" height=\"1024\" data-id=\"2801\" src=\"https:\/\/comitati.fisi.org\/alto-adige\/wp-content\/uploads\/sites\/24\/2026\/03\/Siegerehrung_Langlauf_2526_-768x1024.jpeg\" alt=\"\" class=\"wp-image-2801\" srcset=\"https:\/\/comitati.fisi.org\/alto-adige\/wp-content\/uploads\/sites\/24\/2026\/03\/Siegerehrung_Langlauf_2526_-768x1024.jpeg 768w, https:\/\/comitati.fisi.org\/alto-adige\/wp-content\/uploads\/sites\/24\/2026\/03\/Siegerehrung_Langlauf_2526_-225x300.jpeg 225w, https:\/\/comitati.fisi.org\/alto-adige\/wp-content\/uploads\/sites\/24\/2026\/03\/Siegerehrung_Langlauf_2526_-1152x1536.jpeg 1152w, https:\/\/comitati.fisi.org\/alto-adige\/wp-content\/uploads\/sites\/24\/2026\/03\/Siegerehrung_Langlauf_2526_.jpeg 1536w\" sizes=\"(max-width: 768px) 100vw, 768px\" \/><\/figure>\n<\/figure>\n","protected":false},"excerpt":{"rendered":"<p>F\u00fcr die restlichen S\u00fcdtirolerinnen und S\u00fcdtiroler, die bei Junioren-Weltmeisterschaften im Einsatz waren, gab es keinen Medaillenerfolg. In Lillehammer (Norwegen), wo die nordischen Disziplinen ausgetragen werden, stach der sechste Platz der Gr\u00f6dnerin Leonie Runggaldier mit dem italienischen Damen-Team im Skisprung-Teamevent hervor. Im Mixed-Team an der Seite ihres Gr\u00f6dner Landsmanns Maximilian Gartner holten sie Rang 14. Im Einzel gab es f\u00fcr Runggaldier&hellip;<\/p>\n","protected":false},"author":7,"featured_media":2797,"comment_status":"open","ping_status":"open","sticky":false,"template":"","format":"standard","meta":{"_acf_changed":false,"footnotes":""},"categories":[20,18,16,17],"tags":[],"acf":[],"_links":{"self":[{"href":"https:\/\/comitati.fisi.org\/alto-adige\/de\/wp-json\/wp\/v2\/posts\/2770"}],"collection":[{"href":"https:\/\/comitati.fisi.org\/alto-adige\/de\/wp-json\/wp\/v2\/posts"}],"about":[{"href":"https:\/\/comitati.fisi.org\/alto-adige\/de\/wp-json\/wp\/v2\/types\/post"}],"author":[{"embeddable":true,"href":"https:\/\/comitati.fisi.org\/alto-adige\/de\/wp-json\/wp\/v2\/users\/7"}],"replies":[{"embeddable":true,"href":"https:\/\/comitati.fisi.org\/alto-adige\/de\/wp-json\/wp\/v2\/comments?post=2770"}],"version-history":[{"count":2,"href":"https:\/\/comitati.fisi.org\/alto-adige\/de\/wp-json\/wp\/v2\/posts\/2770\/revisions"}],"predecessor-version":[{"id":2806,"href":"https:\/\/comitati.fisi.org\/alto-adige\/de\/wp-json\/wp\/v2\/posts\/2770\/revisions\/2806"}],"wp:featuredmedia":[{"embeddable":true,"href":"https:\/\/comitati.fisi.org\/alto-adige\/de\/wp-json\/wp\/v2\/media\/2797"}],"wp:attachment":[{"href":"https:\/\/comitati.fisi.org\/alto-adige\/de\/wp-json\/wp\/v2\/media?parent=2770"}],"wp:term":[{"taxonomy":"category","embeddable":true,"href":"https:\/\/comitati.fisi.org\/alto-adige\/de\/wp-json\/wp\/v2\/categories?post=2770"},{"taxonomy":"post_tag","embeddable":true,"href":"https:\/\/comitati.fisi.org\/alto-adige\/de\/wp-json\/wp\/v2\/tags?post=2770"}],"curies":[{"name":"wp","href":"https:\/\/api.w.org\/{rel}","templated":true}]}}