{"id":2757,"date":"2026-03-11T12:35:59","date_gmt":"2026-03-11T12:35:59","guid":{"rendered":"https:\/\/comitati.fisi.org\/alto-adige\/?p=2757"},"modified":"2026-03-11T12:35:59","modified_gmt":"2026-03-11T12:35:59","slug":"gold-in-der-dreierstaffel-suedtiroler-sensation-bei-biathlon-junioren-wm-in-arber","status":"publish","type":"post","link":"https:\/\/comitati.fisi.org\/alto-adige\/de\/blog\/2026\/03\/11\/gold-in-der-dreierstaffel-suedtiroler-sensation-bei-biathlon-junioren-wm-in-arber\/","title":{"rendered":"Gold in der Dreierstaffel: S\u00fcdtiroler Sensation bei Biathlon-Junioren-WM in Arber"},"content":{"rendered":"\n<p><strong>Bozen, 10. M\u00e4rz 2026 \u2013 Die ersten M\u00e4rz-Wochen geh\u00f6ren im Wintersport bekanntlich den Junioren-Weltmeisterschaften. Einige S\u00fcdtiroler Wintersportlerinnen und Wintersportler waren bei den internationalen Titelk\u00e4mpfen im Einsatz. Mit Andreas Braunhofer, Julian Huber und Jonas Tscholl haben es drei Biathleten bei der WM in Arber (Deutschland) sensationell zu einer Goldmedaille geschafft. D<\/strong><\/p>\n\n\n\n<p>Ohnehin zeigten die S\u00fcdtiroler Biathleten bei der Junioren-WM in Arber (Deutschland) ganz starke Leistungen. Mit dabei waren die Antholzer Julian Huber, Jan Steinkasserer und Hannes Bacher, der Ridnauner Andreas Braunhofer und der Laaser Jonas Tscholl. \u00dcber die gesamte Wettkampfwoche landeten insbesondere Huber, Bacher, Braunhofer und Tscholl immer wieder in den Top-Zehn. Diese Ergebnisse gipfelten am Wochenende mit gleich zwei Medaillen in den abschlie\u00dfenden Staffelwettk\u00e4mpfen.<\/p>\n\n\n\n<p>Zuerst stieg am Samstag die Dreierstaffel der Altersklasse U19. Die italienische Herren-Staffel bestand dabei aus Braunhofer, Huber und Tscholl. Und das S\u00fcdtiroler Trio holte sich \u00fcberlegen den Sieg. Beste Laufleistung, k\u00fcrzeste Schie\u00dfzeit und insgesamt nur acht Nachlader auf sechs Schie\u00dfeinlagen bedeuteten Gold f\u00fcr die drei heimischen Riesentalente. In der Viererstaffel der Altersklasse U21 war mit Bacher ebenfalls ein S\u00fcdtiroler vertreten. Gemeinsam mit Davide Cola, Nicola Giordano und Simone Motta, der in Vergangenheit f\u00fcr Martell tesseriert war, holte sich der Antholzer die Bronzemedaille hinter den Staffeln von Frankreich und Norwegen.<\/p>\n\n\n\n<p>Innerhalb von S\u00fcdtirol stand im Biathlon am Wochenende die U13- bis U15-Luftgewehr-Italienmeisterschaft in den Disziplinen Einzel und Staffeln auf dem Programm. 257 Kinder und Jugendliche haben sich f\u00fcr die Wettk\u00e4mpfe in Ridnaun eingeschrieben. Bei gro\u00dfartiger Atmosph\u00e4re und Top-Wetter gab es folgende Platzierungen zu sehen:<\/p>\n\n\n\n<p><strong>Altersklasse U13, Einzel:<\/strong><\/p>\n\n\n\n<p>Weiblich: 1. Lisa Benedetti (ASD Camosci), 2. Margherita Quinz (ASD Camosci), 3. Franzi Wolf (ASD Antholz)<\/p>\n\n\n\n<p>M\u00e4nnlich: 1. Giacomo Corte De Checco (Entraque Alpi M.), 2. Raffaele Steiner (ASV Martell), 3. Giovanni Andreola (Alta Valtellina)<\/p>\n\n\n\n<p><strong>Altersklasse U15, Einzel:<\/strong><\/p>\n\n\n\n<p>Weiblich: 1. Eva Hilber (ASD Antholz), 2. Anna Wolf (ASD Antholz), 3. Kathrin Santer (Ski Nordic Ulten)<\/p>\n\n\n\n<p>M\u00e4nnlich: 1. Elia Steinkasserer (ASD Antholz), 2. Mirko Scalet (US Primiero ASD), 3. Philipp Mairvongrosspeinten (ASV Rein)<\/p>\n\n\n\n<p><strong>Altersklasse U13, Staffel:<\/strong><\/p>\n\n\n\n<p>Weiblich: 1. Franziska Staffler, Franzi Wolf, Dana Liien Riba<\/p>\n\n\n\n<p>M\u00e4nnlich: 1. Adam Oberhauser, Tobias Mairvongrosspeinten, Hannes Huber<\/p>\n\n\n\n<p><strong>Altersklasse U15, Staffel:<\/strong><\/p>\n\n\n\n<p>Weiblich: 1. Eva Hilber, Lea Hochrainer, Anna Wolf<\/p>\n\n\n\n<p>M\u00e4nnlich: 1. Loris Costabiei, Ivan Willeit, Philipp Mairvongrosspeinten<\/p>\n\n\n\n<figure class=\"wp-block-gallery has-nested-images columns-default is-cropped wp-block-gallery-1 is-layout-flex wp-block-gallery-is-layout-flex\">\n<figure class=\"wp-block-image size-large\"><img loading=\"lazy\" decoding=\"async\" width=\"938\" height=\"1024\" data-id=\"2762\" src=\"https:\/\/comitati.fisi.org\/alto-adige\/wp-content\/uploads\/sites\/24\/2026\/03\/Team_Biathlon_2526_JWM_Braunhofer_Huber_Tscholl-938x1024.jpeg\" alt=\"\" class=\"wp-image-2762\" srcset=\"https:\/\/comitati.fisi.org\/alto-adige\/wp-content\/uploads\/sites\/24\/2026\/03\/Team_Biathlon_2526_JWM_Braunhofer_Huber_Tscholl-938x1024.jpeg 938w, https:\/\/comitati.fisi.org\/alto-adige\/wp-content\/uploads\/sites\/24\/2026\/03\/Team_Biathlon_2526_JWM_Braunhofer_Huber_Tscholl-275x300.jpeg 275w, https:\/\/comitati.fisi.org\/alto-adige\/wp-content\/uploads\/sites\/24\/2026\/03\/Team_Biathlon_2526_JWM_Braunhofer_Huber_Tscholl-768x838.jpeg 768w, https:\/\/comitati.fisi.org\/alto-adige\/wp-content\/uploads\/sites\/24\/2026\/03\/Team_Biathlon_2526_JWM_Braunhofer_Huber_Tscholl-1407x1536.jpeg 1407w, https:\/\/comitati.fisi.org\/alto-adige\/wp-content\/uploads\/sites\/24\/2026\/03\/Team_Biathlon_2526_JWM_Braunhofer_Huber_Tscholl.jpeg 1466w\" sizes=\"(max-width: 938px) 100vw, 938px\" \/><\/figure>\n\n\n\n<figure class=\"wp-block-image size-large\"><img loading=\"lazy\" decoding=\"async\" width=\"1024\" height=\"808\" data-id=\"2758\" src=\"https:\/\/comitati.fisi.org\/alto-adige\/wp-content\/uploads\/sites\/24\/2026\/03\/Team_Biathlon_2526_JWM_Bacher-Hannes_Motta-Simone-1024x808.jpeg\" alt=\"\" class=\"wp-image-2758\" srcset=\"https:\/\/comitati.fisi.org\/alto-adige\/wp-content\/uploads\/sites\/24\/2026\/03\/Team_Biathlon_2526_JWM_Bacher-Hannes_Motta-Simone-1024x808.jpeg 1024w, https:\/\/comitati.fisi.org\/alto-adige\/wp-content\/uploads\/sites\/24\/2026\/03\/Team_Biathlon_2526_JWM_Bacher-Hannes_Motta-Simone-300x237.jpeg 300w, https:\/\/comitati.fisi.org\/alto-adige\/wp-content\/uploads\/sites\/24\/2026\/03\/Team_Biathlon_2526_JWM_Bacher-Hannes_Motta-Simone-768x606.jpeg 768w, https:\/\/comitati.fisi.org\/alto-adige\/wp-content\/uploads\/sites\/24\/2026\/03\/Team_Biathlon_2526_JWM_Bacher-Hannes_Motta-Simone-1536x1212.jpeg 1536w, https:\/\/comitati.fisi.org\/alto-adige\/wp-content\/uploads\/sites\/24\/2026\/03\/Team_Biathlon_2526_JWM_Bacher-Hannes_Motta-Simone.jpeg 1600w\" sizes=\"(max-width: 1024px) 100vw, 1024px\" \/><\/figure>\n<\/figure>\n","protected":false},"excerpt":{"rendered":"<p>Bozen, 10. M\u00e4rz 2026 \u2013 Die ersten M\u00e4rz-Wochen geh\u00f6ren im Wintersport bekanntlich den Junioren-Weltmeisterschaften. Einige S\u00fcdtiroler Wintersportlerinnen und Wintersportler waren bei den internationalen Titelk\u00e4mpfen im Einsatz. Mit Andreas Braunhofer, Julian Huber und Jonas Tscholl haben es drei Biathleten bei der WM in Arber (Deutschland) sensationell zu einer Goldmedaille geschafft. D Ohnehin zeigten die S\u00fcdtiroler Biathleten bei der Junioren-WM in Arber&hellip;<\/p>\n","protected":false},"author":7,"featured_media":2760,"comment_status":"open","ping_status":"open","sticky":false,"template":"","format":"standard","meta":{"_acf_changed":false,"footnotes":""},"categories":[20,18,16,17],"tags":[],"acf":[],"_links":{"self":[{"href":"https:\/\/comitati.fisi.org\/alto-adige\/de\/wp-json\/wp\/v2\/posts\/2757"}],"collection":[{"href":"https:\/\/comitati.fisi.org\/alto-adige\/de\/wp-json\/wp\/v2\/posts"}],"about":[{"href":"https:\/\/comitati.fisi.org\/alto-adige\/de\/wp-json\/wp\/v2\/types\/post"}],"author":[{"embeddable":true,"href":"https:\/\/comitati.fisi.org\/alto-adige\/de\/wp-json\/wp\/v2\/users\/7"}],"replies":[{"embeddable":true,"href":"https:\/\/comitati.fisi.org\/alto-adige\/de\/wp-json\/wp\/v2\/comments?post=2757"}],"version-history":[{"count":1,"href":"https:\/\/comitati.fisi.org\/alto-adige\/de\/wp-json\/wp\/v2\/posts\/2757\/revisions"}],"predecessor-version":[{"id":2764,"href":"https:\/\/comitati.fisi.org\/alto-adige\/de\/wp-json\/wp\/v2\/posts\/2757\/revisions\/2764"}],"wp:featuredmedia":[{"embeddable":true,"href":"https:\/\/comitati.fisi.org\/alto-adige\/de\/wp-json\/wp\/v2\/media\/2760"}],"wp:attachment":[{"href":"https:\/\/comitati.fisi.org\/alto-adige\/de\/wp-json\/wp\/v2\/media?parent=2757"}],"wp:term":[{"taxonomy":"category","embeddable":true,"href":"https:\/\/comitati.fisi.org\/alto-adige\/de\/wp-json\/wp\/v2\/categories?post=2757"},{"taxonomy":"post_tag","embeddable":true,"href":"https:\/\/comitati.fisi.org\/alto-adige\/de\/wp-json\/wp\/v2\/tags?post=2757"}],"curies":[{"name":"wp","href":"https:\/\/api.w.org\/{rel}","templated":true}]}}