{"id":2700,"date":"2026-03-11T08:57:59","date_gmt":"2026-03-11T08:57:59","guid":{"rendered":"https:\/\/comitati.fisi.org\/alto-adige\/?p=2700"},"modified":"2026-03-11T08:58:00","modified_gmt":"2026-03-11T08:58:00","slug":"viele-einsaetze-fuer-die-landeskader-skicrossfeeling-in-alta-badia","status":"publish","type":"post","link":"https:\/\/comitati.fisi.org\/alto-adige\/de\/blog\/2026\/03\/11\/viele-einsaetze-fuer-die-landeskader-skicrossfeeling-in-alta-badia\/","title":{"rendered":"Viele Eins\u00e4tze f\u00fcr die Landeskader &amp; Skicrossfeeling in Alta Badia"},"content":{"rendered":"\n<p><strong>Viele Eins\u00e4tze f\u00fcr die Landeskader<\/strong><\/p>\n\n\n\n<p><strong>Seit vergangenem Montag gab es f\u00fcr die S\u00fcdtiroler Landeskader einiges zu tun. Die Damen von Trainer Tizian Gabrielli waren beim Gran Premio d\u2019Italia in Pozza im Fassatal im Einsatz. Im ersten Riesentorlauf am Montag wurde Nora Pernstich aus Aldein Dritte in der U21 hinter Ludovica Righi und Sofia Parravicini. Arianna Putzer aus Gr\u00f6den gewann die U18-Wertung als Gesamtelfte. Tags darauf bestand das gesamte U21-Podium aus S\u00fcdtirolerinnen. Es siegte die Ultnerin Selina Trafoier vor der V\u00f6lserin Nadine Trocker und der Tierserin Nora Damian.<\/strong><\/p>\n\n\n\n<p>F\u00fcr den Landeskader der Herren unter der Leitung von Trainer Enrico Vicenzi ging es nach Antagnod ins Aostatal. Der erste Riesentorlauf am Montag musste abgesagt werden, beim zweiten gl\u00e4nzte David Castlunger. In der FIS-U21-Wertung wurde er Zweiter hinter dem Franzosen Arthur Heude, womit er die Wertung des Gran Premio d\u2019Italia der Kategorie U21 f\u00fcr sich entschied. F\u00fcr Vicenzis Truppe ging es direkt im Anschluss beim Gran Premio d\u2019Italia in Valgrisenche weiter, wo am Mittwoch und Donnerstag zwei Slaloms ausgetragen wurden. Im ersten schafften es der Freienfelder Lukas Sieder und Castlunger als Zweiter und Dritter hinter Peter Corbellini auf das Podest. Die Speed-Spezialisten des Landeskaders waren am Donnerstag und Freitag hingegen in Valmalenco bei vier Super-G\u2019s im Einsatz. Am ersten Tag wurde der Marlinger Noah Gamper prompt Zweiter hinter dem Schweizer Florian F\u00e4ssler. Am Freitag legte Gamper wieder einen zweiten Platz hinter dem Italiener Marco Anselmi nach, genauso wie Aaron Stuffer vom SC Gr\u00f6den, der sich im letzten Super-G hinter dem Italiener Zaccaria Trevisan einreihte.<\/p>\n\n\n\n<p><strong>Die Landesmeister der U21 und U18 im Riesentorlauf stehen fest<\/strong><\/p>\n\n\n\n<p>Am Piz Sella wurden am Sonntag die neuen Landesmeister der Altersklassen U18 und U21 im Riesentorlauf ermittelt, und zwar im Rahmen eines Rennens, das auch f\u00fcr die Marlene Cup Wertung z\u00e4hlt. In der Kategorie U21 setzte sich Valentin Sparber (RG Wipptal) durch. Er erzielte beim international besetzten Rennen in 2.07,43 Minuten die insgesamt viertschnellste Zeit. Die Silbermedaille gewann Luis Schuster (Kronplatz\/2.07,63), Bronze ging an Alois K\u00f6llemann Baldini (Vinschger Oberland\/2.07,83). In der Kategorie U18 ging der Titel hingegen an Simon Auer (3 Zinnen\/2.08,84), der sich vor Giacomo Ploner (Alta Badia) und Matthias Mahlknecht (Gr\u00f6den) durchsetzte.<\/p>\n\n\n\n<p>Bei den jungen Frauen setzte sich Selina Trafoier (Ulten) durch, die in 2.09,57 Minuten die schnellste Zeit erzielte und nun Landesmeisterin ist. Silber ging an Nora Pernstich (TZ \u00dcberetsch-Unterland), die nur 0,03 Sekunden langsamer war. Rebecca Vetturini (Kronplatz) belegte in 2.11,16 den Bronzerang. In der U18 hatte Alenah Taschler (Gsiesertal) die Nase vorn, die in 2.11,15 die dritte Zeit erzielt hatte. In dieser Altersklasse gewann Franziska Klotz (TZ \u00dcberetsch-Unterland) Silber, Nicole Piccolruaz (Gr\u00f6den) durfte sich \u00fcber Bronze freuen.<\/p>\n\n\n\n<p>Bereits am Samstag war an selber Stelle ein nationales FIS Junioren Rennen \u00fcber die B\u00fchne gegangen. Hier konnten sich die heimischen Rennl\u00e4uferinnen besonders in Szene setzen. Eva Blasbichler (RG Wipptal) gewann in der U21-Kategorie vor Vetturini und Elisa Engl (TZ \u00dcberetsch-Unterland). In der U18 hatte sich Taschler vor Piccolruaz durchgesetzt.<\/p>\n\n\n\n<p><strong>Skicross-Feeling in Alta Badia<\/strong><\/p>\n\n\n\n<p>Der Raiffeisen Grand Prix Landescup wurde am Wochenende mit Skicross-Rennen in Alta Badia fortgesetzt. Die Nachwuchstalente der Altersklassen U14 und U16 waren auf der Biok-Piste im Einsatz. Hier die Top3 der beiden Kategorien im \u00dcberblick:<\/p>\n\n\n\n<p><strong>Altersklasse U14<\/strong><\/p>\n\n\n\n<p><strong>weiblich:<\/strong><\/p>\n\n\n\n<p>1. Lara Mayrhofer (Welschnofen) 54,52;<\/p>\n\n\n\n<p>2. Julia Trocker (Seiser Alm) 54,77;<\/p>\n\n\n\n<p>3. Julia Plunger (Seiser Alm) 54,98<\/p>\n\n\n\n<p><strong>m\u00e4nnlich:<\/strong><\/p>\n\n\n\n<p>1. Elias Rudiferia (Alta Badia) 53,27;<\/p>\n\n\n\n<p>2. Rene Auer (Gr\u00f6den) 53,76;<\/p>\n\n\n\n<p>3. Matthias Winkler (Kronplatz) 54,16<\/p>\n\n\n\n<p><strong>Altersklasse U16<\/strong><\/p>\n\n\n\n<p><strong>weiblich:<\/strong><\/p>\n\n\n\n<p>1. Denise Demetz (Gr\u00f6den) 52,48;<\/p>\n\n\n\n<p>2. Francesca Miribung (Gr\u00f6den) 52,78;<\/p>\n\n\n\n<p>3. Carmen Gschliesser (Wipptal) 52,88<\/p>\n\n\n\n<p><strong>m\u00e4nnlich:<\/strong><\/p>\n\n\n\n<p>1. Simon Kaser (Seiser Alm) 50,55;<\/p>\n\n\n\n<p>2. Hannes Valentini (Alta Badia) 51,47;<\/p>\n\n\n\n<p>3. Lukas Rabanser (Gr\u00f6den) und Julian Martinelli (Ski Team Latemar) je 51,60<\/p>\n\n\n\n<figure class=\"wp-block-gallery has-nested-images columns-default is-cropped wp-block-gallery-1 is-layout-flex wp-block-gallery-is-layout-flex\">\n<figure class=\"wp-block-image size-large\"><img loading=\"lazy\" decoding=\"async\" width=\"768\" height=\"1024\" data-id=\"2703\" src=\"https:\/\/comitati.fisi.org\/alto-adige\/wp-content\/uploads\/sites\/24\/2026\/03\/Siegerehrung_Ski-Alpin_2526_Taschler_LK_Piccolruaz-768x1024.jpeg\" alt=\"\" class=\"wp-image-2703\" srcset=\"https:\/\/comitati.fisi.org\/alto-adige\/wp-content\/uploads\/sites\/24\/2026\/03\/Siegerehrung_Ski-Alpin_2526_Taschler_LK_Piccolruaz-768x1024.jpeg 768w, https:\/\/comitati.fisi.org\/alto-adige\/wp-content\/uploads\/sites\/24\/2026\/03\/Siegerehrung_Ski-Alpin_2526_Taschler_LK_Piccolruaz-225x300.jpeg 225w, https:\/\/comitati.fisi.org\/alto-adige\/wp-content\/uploads\/sites\/24\/2026\/03\/Siegerehrung_Ski-Alpin_2526_Taschler_LK_Piccolruaz-1152x1536.jpeg 1152w, https:\/\/comitati.fisi.org\/alto-adige\/wp-content\/uploads\/sites\/24\/2026\/03\/Siegerehrung_Ski-Alpin_2526_Taschler_LK_Piccolruaz-1536x2048.jpeg 1536w, https:\/\/comitati.fisi.org\/alto-adige\/wp-content\/uploads\/sites\/24\/2026\/03\/Siegerehrung_Ski-Alpin_2526_Taschler_LK_Piccolruaz-scaled.jpeg 1920w\" sizes=\"(max-width: 768px) 100vw, 768px\" \/><\/figure>\n\n\n\n<figure class=\"wp-block-image size-large\"><img loading=\"lazy\" decoding=\"async\" width=\"768\" height=\"1024\" data-id=\"2705\" src=\"https:\/\/comitati.fisi.org\/alto-adige\/wp-content\/uploads\/sites\/24\/2026\/03\/Siegerehrung_Ski-Alpin_2526_Trafoier_Pernstich_Vetturini-LK-768x1024.jpeg\" alt=\"\" class=\"wp-image-2705\" srcset=\"https:\/\/comitati.fisi.org\/alto-adige\/wp-content\/uploads\/sites\/24\/2026\/03\/Siegerehrung_Ski-Alpin_2526_Trafoier_Pernstich_Vetturini-LK-768x1024.jpeg 768w, https:\/\/comitati.fisi.org\/alto-adige\/wp-content\/uploads\/sites\/24\/2026\/03\/Siegerehrung_Ski-Alpin_2526_Trafoier_Pernstich_Vetturini-LK-225x300.jpeg 225w, https:\/\/comitati.fisi.org\/alto-adige\/wp-content\/uploads\/sites\/24\/2026\/03\/Siegerehrung_Ski-Alpin_2526_Trafoier_Pernstich_Vetturini-LK-1152x1536.jpeg 1152w, https:\/\/comitati.fisi.org\/alto-adige\/wp-content\/uploads\/sites\/24\/2026\/03\/Siegerehrung_Ski-Alpin_2526_Trafoier_Pernstich_Vetturini-LK.jpeg 1200w\" sizes=\"(max-width: 768px) 100vw, 768px\" \/><\/figure>\n\n\n\n<figure class=\"wp-block-image size-large\"><img loading=\"lazy\" decoding=\"async\" width=\"768\" height=\"1024\" data-id=\"2707\" src=\"https:\/\/comitati.fisi.org\/alto-adige\/wp-content\/uploads\/sites\/24\/2026\/03\/Team_Ski-Alpin_2526_LMS_Trafoier_Auer_Taschler_Sparber-LK-768x1024.jpeg\" alt=\"\" class=\"wp-image-2707\" srcset=\"https:\/\/comitati.fisi.org\/alto-adige\/wp-content\/uploads\/sites\/24\/2026\/03\/Team_Ski-Alpin_2526_LMS_Trafoier_Auer_Taschler_Sparber-LK-768x1024.jpeg 768w, https:\/\/comitati.fisi.org\/alto-adige\/wp-content\/uploads\/sites\/24\/2026\/03\/Team_Ski-Alpin_2526_LMS_Trafoier_Auer_Taschler_Sparber-LK-225x300.jpeg 225w, https:\/\/comitati.fisi.org\/alto-adige\/wp-content\/uploads\/sites\/24\/2026\/03\/Team_Ski-Alpin_2526_LMS_Trafoier_Auer_Taschler_Sparber-LK-1152x1536.jpeg 1152w, https:\/\/comitati.fisi.org\/alto-adige\/wp-content\/uploads\/sites\/24\/2026\/03\/Team_Ski-Alpin_2526_LMS_Trafoier_Auer_Taschler_Sparber-LK.jpeg 1200w\" sizes=\"(max-width: 768px) 100vw, 768px\" \/><\/figure>\n<\/figure>\n","protected":false},"excerpt":{"rendered":"<p>Viele Eins\u00e4tze f\u00fcr die Landeskader Seit vergangenem Montag gab es f\u00fcr die S\u00fcdtiroler Landeskader einiges zu tun. Die Damen von Trainer Tizian Gabrielli waren beim Gran Premio d\u2019Italia in Pozza im Fassatal im Einsatz. Im ersten Riesentorlauf am Montag wurde Nora Pernstich aus Aldein Dritte in der U21 hinter Ludovica Righi und Sofia Parravicini. Arianna Putzer aus Gr\u00f6den gewann die&hellip;<\/p>\n","protected":false},"author":7,"featured_media":2701,"comment_status":"open","ping_status":"open","sticky":false,"template":"","format":"standard","meta":{"_acf_changed":false,"footnotes":""},"categories":[20,18,16,17],"tags":[],"acf":[],"_links":{"self":[{"href":"https:\/\/comitati.fisi.org\/alto-adige\/de\/wp-json\/wp\/v2\/posts\/2700"}],"collection":[{"href":"https:\/\/comitati.fisi.org\/alto-adige\/de\/wp-json\/wp\/v2\/posts"}],"about":[{"href":"https:\/\/comitati.fisi.org\/alto-adige\/de\/wp-json\/wp\/v2\/types\/post"}],"author":[{"embeddable":true,"href":"https:\/\/comitati.fisi.org\/alto-adige\/de\/wp-json\/wp\/v2\/users\/7"}],"replies":[{"embeddable":true,"href":"https:\/\/comitati.fisi.org\/alto-adige\/de\/wp-json\/wp\/v2\/comments?post=2700"}],"version-history":[{"count":1,"href":"https:\/\/comitati.fisi.org\/alto-adige\/de\/wp-json\/wp\/v2\/posts\/2700\/revisions"}],"predecessor-version":[{"id":2709,"href":"https:\/\/comitati.fisi.org\/alto-adige\/de\/wp-json\/wp\/v2\/posts\/2700\/revisions\/2709"}],"wp:featuredmedia":[{"embeddable":true,"href":"https:\/\/comitati.fisi.org\/alto-adige\/de\/wp-json\/wp\/v2\/media\/2701"}],"wp:attachment":[{"href":"https:\/\/comitati.fisi.org\/alto-adige\/de\/wp-json\/wp\/v2\/media?parent=2700"}],"wp:term":[{"taxonomy":"category","embeddable":true,"href":"https:\/\/comitati.fisi.org\/alto-adige\/de\/wp-json\/wp\/v2\/categories?post=2700"},{"taxonomy":"post_tag","embeddable":true,"href":"https:\/\/comitati.fisi.org\/alto-adige\/de\/wp-json\/wp\/v2\/tags?post=2700"}],"curies":[{"name":"wp","href":"https:\/\/api.w.org\/{rel}","templated":true}]}}