{"id":2694,"date":"2026-03-11T08:39:29","date_gmt":"2026-03-11T08:39:29","guid":{"rendered":"https:\/\/comitati.fisi.org\/alto-adige\/?p=2694"},"modified":"2026-03-11T13:29:58","modified_gmt":"2026-03-11T13:29:58","slug":"ski-alpin-silber-in-der-team-kombi-anna-trocker-mit-naechstem-ausrufezeichen-in-norwegen","status":"publish","type":"post","link":"https:\/\/comitati.fisi.org\/alto-adige\/de\/blog\/2026\/03\/11\/ski-alpin-silber-in-der-team-kombi-anna-trocker-mit-naechstem-ausrufezeichen-in-norwegen\/","title":{"rendered":"Ski Alpin Silber in der Team-Kombi: Anna Trocker mit n\u00e4chstem Ausrufezeichen in Norwegen"},"content":{"rendered":"\n<p><strong>Eine junge S\u00fcdtiroler Skirennl\u00e4uferin, die in dieser Saison schon f\u00fcr ordentlich Furore gesorgt hat, ist Anna Trocker. Die 17-j\u00e4hrige V\u00f6lserin feierte in diesem Winter ihr Weltcup-Deb\u00fct, durfte in der Folge bei den Olympischen Winterspielen 2026 Mailand Cortina antreten und ist nun bei der Junioren-Weltmeisterschaft in Narvik (Norwegen) im Einsatz. Und auch im hohen Norden gelang ihr das n\u00e4chste Ausrufezeichen. In der Team-Kombination wurde Trocker gemeinsam mit Ludovica Righi am Sonntag Zweite hinter dem franz\u00f6sischen Duo Emy Charbonnier und Ilona Charbotel und holte sich damit Silber.<\/strong><\/p>\n\n\n\n<p>F\u00fcr ein gutes Ergebnis sorgten auch Arianna Putzer (SC Gr\u00f6den) und Victoria Klotz (RG Wipptal), die es in der Team-Kombination auf Rang f\u00fcnf schafften. Im Super-G am Samstag sorgte Putzer mit Rang neun au\u00dferdem f\u00fcr ein weiteres starkes Ergebnis. Die Abfahrt am Freitag musste abgesagt werden, in dieser Woche stehen f\u00fcr die Damen die technischen Disziplinen auf dem Programm. Dann hat insbesondere Trocker, die als Technik-Spezialistin gilt, die n\u00e4chste S\u00fcdtiroler Medaille im Blick. F\u00fcr die S\u00fcdtiroler Herren, Jakob Franzelin aus Montan und David Castlunger aus Abtei, geht es am Montag mit Super-G und Team-Kombination los.<\/p>\n","protected":false},"excerpt":{"rendered":"<p>Eine junge S\u00fcdtiroler Skirennl\u00e4uferin, die in dieser Saison schon f\u00fcr ordentlich Furore gesorgt hat, ist Anna Trocker. Die 17-j\u00e4hrige V\u00f6lserin feierte in diesem Winter ihr Weltcup-Deb\u00fct, durfte in der Folge bei den Olympischen Winterspielen 2026 Mailand Cortina antreten und ist nun bei der Junioren-Weltmeisterschaft in Narvik (Norwegen) im Einsatz. Und auch im hohen Norden gelang ihr das n\u00e4chste Ausrufezeichen. In&hellip;<\/p>\n","protected":false},"author":7,"featured_media":2795,"comment_status":"open","ping_status":"open","sticky":false,"template":"","format":"standard","meta":{"_acf_changed":false,"footnotes":""},"categories":[20,18,16,17],"tags":[],"acf":[],"_links":{"self":[{"href":"https:\/\/comitati.fisi.org\/alto-adige\/de\/wp-json\/wp\/v2\/posts\/2694"}],"collection":[{"href":"https:\/\/comitati.fisi.org\/alto-adige\/de\/wp-json\/wp\/v2\/posts"}],"about":[{"href":"https:\/\/comitati.fisi.org\/alto-adige\/de\/wp-json\/wp\/v2\/types\/post"}],"author":[{"embeddable":true,"href":"https:\/\/comitati.fisi.org\/alto-adige\/de\/wp-json\/wp\/v2\/users\/7"}],"replies":[{"embeddable":true,"href":"https:\/\/comitati.fisi.org\/alto-adige\/de\/wp-json\/wp\/v2\/comments?post=2694"}],"version-history":[{"count":2,"href":"https:\/\/comitati.fisi.org\/alto-adige\/de\/wp-json\/wp\/v2\/posts\/2694\/revisions"}],"predecessor-version":[{"id":2696,"href":"https:\/\/comitati.fisi.org\/alto-adige\/de\/wp-json\/wp\/v2\/posts\/2694\/revisions\/2696"}],"wp:featuredmedia":[{"embeddable":true,"href":"https:\/\/comitati.fisi.org\/alto-adige\/de\/wp-json\/wp\/v2\/media\/2795"}],"wp:attachment":[{"href":"https:\/\/comitati.fisi.org\/alto-adige\/de\/wp-json\/wp\/v2\/media?parent=2694"}],"wp:term":[{"taxonomy":"category","embeddable":true,"href":"https:\/\/comitati.fisi.org\/alto-adige\/de\/wp-json\/wp\/v2\/categories?post=2694"},{"taxonomy":"post_tag","embeddable":true,"href":"https:\/\/comitati.fisi.org\/alto-adige\/de\/wp-json\/wp\/v2\/tags?post=2694"}],"curies":[{"name":"wp","href":"https:\/\/api.w.org\/{rel}","templated":true}]}}