{"id":2644,"date":"2026-03-11T08:29:22","date_gmt":"2026-03-11T08:29:22","guid":{"rendered":"https:\/\/comitati.fisi.org\/alto-adige\/?p=2644"},"modified":"2026-03-11T08:29:24","modified_gmt":"2026-03-11T08:29:24","slug":"suedtiroler-glanz-beim-alpe-cimbra-fis-children-cup","status":"publish","type":"post","link":"https:\/\/comitati.fisi.org\/alto-adige\/de\/blog\/2026\/03\/11\/suedtiroler-glanz-beim-alpe-cimbra-fis-children-cup\/","title":{"rendered":"S\u00fcdtiroler Glanz beim Alpe Cimbra FIS Children Cup"},"content":{"rendered":"\n<p><strong>Bozen, 9. M\u00e4rz 2026 \u2013 Seit vergangenem Montag stieg in Folgaria der 65. Alpe Cimbra FIS Children Cup, einer der prestigetr\u00e4chtigsten Jugendwettk\u00e4mpfe im Ski Alpin. Zun\u00e4chst wurden Rennen auf nationaler, dann auf internationaler Ebene ausgetragen. Mittendrin waren einige heimische Talente, die reihenweise Top-Ergebnisse geliefert haben. Au\u00dferdem standen im norwegischen Narvik die Speed-Rennen der Junioren-Weltmeisterschaft auf dem Programm und Anna Trocker holte sich gleich die erste S\u00fcdtiroler Medaille. Die S\u00fcdtiroler Landeskader waren in der vergangenen Woche bei FIS- und Gran-Premio-d\u2019Italia-Rennen im Einsatz.<\/strong><\/p>\n\n\n\n<p>Der Alpe Cimbra FIS Children Cup zieht Jahr f\u00fcr Jahr haufenweise Nachwuchstalente aus aller Welt an und z\u00e4hlt als gr\u00f6\u00dftes FIS-Jugendskirennen der Welt. Vom vergangenen Montag bis Freitag stand die 65. Ausgabe des renommierten Events auf dem Programm. Dabei gl\u00e4nzten die S\u00fcdtirolerinnen und S\u00fcdtiroler, die in Folgaria an den Start gingen, von Anfang an. Schon am Montag gab es die ersten Podestpl\u00e4tze zu feiern. So gewann Mia Molling vom ASV TZ Jochtal prompt den U14-Riesentorlauf auf nationaler Ebene mit der Siegerzeit von 2.03,34 Minuten. Bei den U14-Herren wurde Elias Magoni von der RG Wipptal Zweiter mit 61 Hundertstelsekunden R\u00fcckstand auf den Sieger Gregorio Marabelli Gallo. Im Slalom der U16 landeten bei den Damen zwei S\u00fcdtirolerinnen auf dem Podium. Ida Gatterer vom Kronplatz Skiteam wurde Zweite, Francesca Miribung vom SC Gr\u00f6den Dritte. Es gewann Benedetta Rosa Ranieri.<\/p>\n\n\n\n<p>Am zweiten Wettkampftag ging es mit den gro\u00dfartigen S\u00fcdtiroler Leistungen weiter. Im Slalom der U14-Herren wurde Elias Magoni Zweiter hinter Edoardo Ricci. In der U16 der Herren gewann Simon Kaser vom Seiser Alm Skiteam den Riesentorlauf in 1.55,97 Minuten. Bei den Damen derselben Kategorie gl\u00e4nzte Amy Happacher (3 Zinnen Dolomites) mit Platz drei hinter Eva Balduzzi und Benedetta Rosa Ranieri. Aufgrund der zahlreichen Podestpl\u00e4tze, aber auch einiger guten Top-Ten-Platzierungen, holte sich S\u00fcdtirol au\u00dferdem mit gro\u00dfem Vorsprung den Gesamtsieg in der Rangliste der italienischen Komitees vor dem \u201eComitato Alpi Centrali\u201c und dem \u201eComitato Alpi Occidentali\u201c. Ab Mittwoch standen die internationalen Wettk\u00e4mpfe beim Alpe Cimbra FIS Children Cup auf dem Programm. F\u00fcr S\u00fcdtirol hatten sich Elias Magoni (RG Wipptal), Mia Molling (TZ Jochtal), Ida Gatterer (Kronplatz Skiteam), Francesca Miribung (SC Gr\u00f6den), Amy Happacher (3 Zinnen Dolomites) und Simon Kaser (Seiser Alm Skiteam) qualifiziert. Und besonders Molling wusste zu \u00fcberzeugen. Denn schon am Mittwoch legte sie nach ihrem Riesentorlauf-Sieg in der U14 auf nationaler Ebene auch den auf internationaler Ebene nach und triumphierte.<\/p>\n\n\n\n<figure class=\"wp-block-gallery has-nested-images columns-default is-cropped wp-block-gallery-1 is-layout-flex wp-block-gallery-is-layout-flex\">\n<figure class=\"wp-block-image size-large\"><img loading=\"lazy\" decoding=\"async\" width=\"1024\" height=\"684\" data-id=\"2645\" src=\"https:\/\/comitati.fisi.org\/alto-adige\/wp-content\/uploads\/sites\/24\/2026\/03\/Action_SKi-Alpin_2526_Mia-Molling-Alpe-Cimbra-1024x684.jpg\" alt=\"\" class=\"wp-image-2645\" srcset=\"https:\/\/comitati.fisi.org\/alto-adige\/wp-content\/uploads\/sites\/24\/2026\/03\/Action_SKi-Alpin_2526_Mia-Molling-Alpe-Cimbra-1024x684.jpg 1024w, https:\/\/comitati.fisi.org\/alto-adige\/wp-content\/uploads\/sites\/24\/2026\/03\/Action_SKi-Alpin_2526_Mia-Molling-Alpe-Cimbra-300x200.jpg 300w, https:\/\/comitati.fisi.org\/alto-adige\/wp-content\/uploads\/sites\/24\/2026\/03\/Action_SKi-Alpin_2526_Mia-Molling-Alpe-Cimbra-768x513.jpg 768w, https:\/\/comitati.fisi.org\/alto-adige\/wp-content\/uploads\/sites\/24\/2026\/03\/Action_SKi-Alpin_2526_Mia-Molling-Alpe-Cimbra.jpg 1080w\" sizes=\"(max-width: 1024px) 100vw, 1024px\" \/><\/figure>\n\n\n\n<figure class=\"wp-block-image size-large\"><img loading=\"lazy\" decoding=\"async\" width=\"768\" height=\"1024\" data-id=\"2647\" src=\"https:\/\/comitati.fisi.org\/alto-adige\/wp-content\/uploads\/sites\/24\/2026\/03\/Backstage_Ski-Alpin_2526_Alpe-Cimbra-1-768x1024.jpeg\" alt=\"\" class=\"wp-image-2647\" srcset=\"https:\/\/comitati.fisi.org\/alto-adige\/wp-content\/uploads\/sites\/24\/2026\/03\/Backstage_Ski-Alpin_2526_Alpe-Cimbra-1-768x1024.jpeg 768w, https:\/\/comitati.fisi.org\/alto-adige\/wp-content\/uploads\/sites\/24\/2026\/03\/Backstage_Ski-Alpin_2526_Alpe-Cimbra-1-225x300.jpeg 225w, https:\/\/comitati.fisi.org\/alto-adige\/wp-content\/uploads\/sites\/24\/2026\/03\/Backstage_Ski-Alpin_2526_Alpe-Cimbra-1-1152x1536.jpeg 1152w, https:\/\/comitati.fisi.org\/alto-adige\/wp-content\/uploads\/sites\/24\/2026\/03\/Backstage_Ski-Alpin_2526_Alpe-Cimbra-1.jpeg 1200w\" sizes=\"(max-width: 768px) 100vw, 768px\" \/><\/figure>\n\n\n\n<figure class=\"wp-block-image size-large\"><img loading=\"lazy\" decoding=\"async\" width=\"768\" height=\"1024\" data-id=\"2649\" src=\"https:\/\/comitati.fisi.org\/alto-adige\/wp-content\/uploads\/sites\/24\/2026\/03\/Backstage_Ski-Alpin_2526_Alpe-Cimbra-2-768x1024.jpeg\" alt=\"\" class=\"wp-image-2649\" srcset=\"https:\/\/comitati.fisi.org\/alto-adige\/wp-content\/uploads\/sites\/24\/2026\/03\/Backstage_Ski-Alpin_2526_Alpe-Cimbra-2-768x1024.jpeg 768w, https:\/\/comitati.fisi.org\/alto-adige\/wp-content\/uploads\/sites\/24\/2026\/03\/Backstage_Ski-Alpin_2526_Alpe-Cimbra-2-225x300.jpeg 225w, https:\/\/comitati.fisi.org\/alto-adige\/wp-content\/uploads\/sites\/24\/2026\/03\/Backstage_Ski-Alpin_2526_Alpe-Cimbra-2-1152x1536.jpeg 1152w, https:\/\/comitati.fisi.org\/alto-adige\/wp-content\/uploads\/sites\/24\/2026\/03\/Backstage_Ski-Alpin_2526_Alpe-Cimbra-2.jpeg 1200w\" sizes=\"(max-width: 768px) 100vw, 768px\" \/><\/figure>\n\n\n\n<figure class=\"wp-block-image size-large\"><img loading=\"lazy\" decoding=\"async\" width=\"768\" height=\"1024\" data-id=\"2685\" src=\"https:\/\/comitati.fisi.org\/alto-adige\/wp-content\/uploads\/sites\/24\/2026\/03\/team_Ski-Alpin_2526_Alpe-Cimbra-6-768x1024.jpg\" alt=\"\" class=\"wp-image-2685\" srcset=\"https:\/\/comitati.fisi.org\/alto-adige\/wp-content\/uploads\/sites\/24\/2026\/03\/team_Ski-Alpin_2526_Alpe-Cimbra-6-768x1024.jpg 768w, https:\/\/comitati.fisi.org\/alto-adige\/wp-content\/uploads\/sites\/24\/2026\/03\/team_Ski-Alpin_2526_Alpe-Cimbra-6-225x300.jpg 225w, https:\/\/comitati.fisi.org\/alto-adige\/wp-content\/uploads\/sites\/24\/2026\/03\/team_Ski-Alpin_2526_Alpe-Cimbra-6.jpg 1080w\" sizes=\"(max-width: 768px) 100vw, 768px\" \/><\/figure>\n\n\n\n<figure class=\"wp-block-image size-large\"><img loading=\"lazy\" decoding=\"async\" width=\"768\" height=\"1024\" data-id=\"2683\" src=\"https:\/\/comitati.fisi.org\/alto-adige\/wp-content\/uploads\/sites\/24\/2026\/03\/team_Ski-Alpin_2526_Alpe-Cimbra-5-768x1024.jpg\" alt=\"\" class=\"wp-image-2683\" srcset=\"https:\/\/comitati.fisi.org\/alto-adige\/wp-content\/uploads\/sites\/24\/2026\/03\/team_Ski-Alpin_2526_Alpe-Cimbra-5-768x1024.jpg 768w, https:\/\/comitati.fisi.org\/alto-adige\/wp-content\/uploads\/sites\/24\/2026\/03\/team_Ski-Alpin_2526_Alpe-Cimbra-5-225x300.jpg 225w, https:\/\/comitati.fisi.org\/alto-adige\/wp-content\/uploads\/sites\/24\/2026\/03\/team_Ski-Alpin_2526_Alpe-Cimbra-5.jpg 1080w\" sizes=\"(max-width: 768px) 100vw, 768px\" \/><\/figure>\n\n\n\n<figure class=\"wp-block-image size-large\"><img loading=\"lazy\" decoding=\"async\" width=\"768\" height=\"1024\" data-id=\"2681\" src=\"https:\/\/comitati.fisi.org\/alto-adige\/wp-content\/uploads\/sites\/24\/2026\/03\/Team_Ski-Alpin_2526_Alpe-Cimbra-4-768x1024.jpeg\" alt=\"\" class=\"wp-image-2681\" srcset=\"https:\/\/comitati.fisi.org\/alto-adige\/wp-content\/uploads\/sites\/24\/2026\/03\/Team_Ski-Alpin_2526_Alpe-Cimbra-4-768x1024.jpeg 768w, https:\/\/comitati.fisi.org\/alto-adige\/wp-content\/uploads\/sites\/24\/2026\/03\/Team_Ski-Alpin_2526_Alpe-Cimbra-4-225x300.jpeg 225w, https:\/\/comitati.fisi.org\/alto-adige\/wp-content\/uploads\/sites\/24\/2026\/03\/Team_Ski-Alpin_2526_Alpe-Cimbra-4-1152x1536.jpeg 1152w, https:\/\/comitati.fisi.org\/alto-adige\/wp-content\/uploads\/sites\/24\/2026\/03\/Team_Ski-Alpin_2526_Alpe-Cimbra-4.jpeg 1200w\" sizes=\"(max-width: 768px) 100vw, 768px\" \/><\/figure>\n\n\n\n<figure class=\"wp-block-image size-large\"><img loading=\"lazy\" decoding=\"async\" width=\"768\" height=\"1024\" data-id=\"2679\" src=\"https:\/\/comitati.fisi.org\/alto-adige\/wp-content\/uploads\/sites\/24\/2026\/03\/team_Ski-Alpin_2526_Alpe-Cimbra-3-768x1024.jpg\" alt=\"\" class=\"wp-image-2679\" srcset=\"https:\/\/comitati.fisi.org\/alto-adige\/wp-content\/uploads\/sites\/24\/2026\/03\/team_Ski-Alpin_2526_Alpe-Cimbra-3-768x1024.jpg 768w, https:\/\/comitati.fisi.org\/alto-adige\/wp-content\/uploads\/sites\/24\/2026\/03\/team_Ski-Alpin_2526_Alpe-Cimbra-3-225x300.jpg 225w, https:\/\/comitati.fisi.org\/alto-adige\/wp-content\/uploads\/sites\/24\/2026\/03\/team_Ski-Alpin_2526_Alpe-Cimbra-3.jpg 1080w\" sizes=\"(max-width: 768px) 100vw, 768px\" \/><\/figure>\n\n\n\n<figure class=\"wp-block-image size-large\"><img loading=\"lazy\" decoding=\"async\" width=\"768\" height=\"1024\" data-id=\"2677\" src=\"https:\/\/comitati.fisi.org\/alto-adige\/wp-content\/uploads\/sites\/24\/2026\/03\/Team_Ski-Alpin_2526_Alpe-Cimbra-3-768x1024.jpeg\" alt=\"\" class=\"wp-image-2677\" srcset=\"https:\/\/comitati.fisi.org\/alto-adige\/wp-content\/uploads\/sites\/24\/2026\/03\/Team_Ski-Alpin_2526_Alpe-Cimbra-3-768x1024.jpeg 768w, https:\/\/comitati.fisi.org\/alto-adige\/wp-content\/uploads\/sites\/24\/2026\/03\/Team_Ski-Alpin_2526_Alpe-Cimbra-3-225x300.jpeg 225w, https:\/\/comitati.fisi.org\/alto-adige\/wp-content\/uploads\/sites\/24\/2026\/03\/Team_Ski-Alpin_2526_Alpe-Cimbra-3-1152x1536.jpeg 1152w, https:\/\/comitati.fisi.org\/alto-adige\/wp-content\/uploads\/sites\/24\/2026\/03\/Team_Ski-Alpin_2526_Alpe-Cimbra-3.jpeg 1200w\" sizes=\"(max-width: 768px) 100vw, 768px\" \/><\/figure>\n\n\n\n<figure class=\"wp-block-image size-large\"><img loading=\"lazy\" decoding=\"async\" width=\"768\" height=\"1024\" data-id=\"2665\" src=\"https:\/\/comitati.fisi.org\/alto-adige\/wp-content\/uploads\/sites\/24\/2026\/03\/Portraet_Ski-Alpin_2526_Magoni-Elias_Alpe-Cimbra-768x1024.jpeg\" alt=\"\" class=\"wp-image-2665\" srcset=\"https:\/\/comitati.fisi.org\/alto-adige\/wp-content\/uploads\/sites\/24\/2026\/03\/Portraet_Ski-Alpin_2526_Magoni-Elias_Alpe-Cimbra-768x1024.jpeg 768w, https:\/\/comitati.fisi.org\/alto-adige\/wp-content\/uploads\/sites\/24\/2026\/03\/Portraet_Ski-Alpin_2526_Magoni-Elias_Alpe-Cimbra-225x300.jpeg 225w, https:\/\/comitati.fisi.org\/alto-adige\/wp-content\/uploads\/sites\/24\/2026\/03\/Portraet_Ski-Alpin_2526_Magoni-Elias_Alpe-Cimbra-1152x1536.jpeg 1152w, https:\/\/comitati.fisi.org\/alto-adige\/wp-content\/uploads\/sites\/24\/2026\/03\/Portraet_Ski-Alpin_2526_Magoni-Elias_Alpe-Cimbra.jpeg 1200w\" sizes=\"(max-width: 768px) 100vw, 768px\" \/><\/figure>\n\n\n\n<figure class=\"wp-block-image size-large\"><img loading=\"lazy\" decoding=\"async\" width=\"768\" height=\"1024\" data-id=\"2667\" src=\"https:\/\/comitati.fisi.org\/alto-adige\/wp-content\/uploads\/sites\/24\/2026\/03\/Portraet_Ski-Alpin_2526_Miribung-Francesca_Alpe-Cimbra-768x1024.jpeg\" alt=\"\" class=\"wp-image-2667\" srcset=\"https:\/\/comitati.fisi.org\/alto-adige\/wp-content\/uploads\/sites\/24\/2026\/03\/Portraet_Ski-Alpin_2526_Miribung-Francesca_Alpe-Cimbra-768x1024.jpeg 768w, https:\/\/comitati.fisi.org\/alto-adige\/wp-content\/uploads\/sites\/24\/2026\/03\/Portraet_Ski-Alpin_2526_Miribung-Francesca_Alpe-Cimbra-225x300.jpeg 225w, https:\/\/comitati.fisi.org\/alto-adige\/wp-content\/uploads\/sites\/24\/2026\/03\/Portraet_Ski-Alpin_2526_Miribung-Francesca_Alpe-Cimbra-1152x1536.jpeg 1152w, https:\/\/comitati.fisi.org\/alto-adige\/wp-content\/uploads\/sites\/24\/2026\/03\/Portraet_Ski-Alpin_2526_Miribung-Francesca_Alpe-Cimbra.jpeg 1200w\" sizes=\"(max-width: 768px) 100vw, 768px\" \/><\/figure>\n\n\n\n<figure class=\"wp-block-image size-large\"><img loading=\"lazy\" decoding=\"async\" width=\"768\" height=\"1024\" data-id=\"2669\" src=\"https:\/\/comitati.fisi.org\/alto-adige\/wp-content\/uploads\/sites\/24\/2026\/03\/Portraet_Ski-Alpin_2526_Moling-Mia_Alpe-Cimbra-768x1024.jpeg\" alt=\"\" class=\"wp-image-2669\" srcset=\"https:\/\/comitati.fisi.org\/alto-adige\/wp-content\/uploads\/sites\/24\/2026\/03\/Portraet_Ski-Alpin_2526_Moling-Mia_Alpe-Cimbra-768x1024.jpeg 768w, https:\/\/comitati.fisi.org\/alto-adige\/wp-content\/uploads\/sites\/24\/2026\/03\/Portraet_Ski-Alpin_2526_Moling-Mia_Alpe-Cimbra-225x300.jpeg 225w, https:\/\/comitati.fisi.org\/alto-adige\/wp-content\/uploads\/sites\/24\/2026\/03\/Portraet_Ski-Alpin_2526_Moling-Mia_Alpe-Cimbra-1152x1536.jpeg 1152w, https:\/\/comitati.fisi.org\/alto-adige\/wp-content\/uploads\/sites\/24\/2026\/03\/Portraet_Ski-Alpin_2526_Moling-Mia_Alpe-Cimbra.jpeg 1200w\" sizes=\"(max-width: 768px) 100vw, 768px\" \/><\/figure>\n\n\n\n<figure class=\"wp-block-image size-large\"><img loading=\"lazy\" decoding=\"async\" width=\"768\" height=\"1024\" data-id=\"2671\" src=\"https:\/\/comitati.fisi.org\/alto-adige\/wp-content\/uploads\/sites\/24\/2026\/03\/Team_Ski-Alpin_2526_Alpe-Cimbra-1-768x1024.jpeg\" alt=\"\" class=\"wp-image-2671\" srcset=\"https:\/\/comitati.fisi.org\/alto-adige\/wp-content\/uploads\/sites\/24\/2026\/03\/Team_Ski-Alpin_2526_Alpe-Cimbra-1-768x1024.jpeg 768w, https:\/\/comitati.fisi.org\/alto-adige\/wp-content\/uploads\/sites\/24\/2026\/03\/Team_Ski-Alpin_2526_Alpe-Cimbra-1-225x300.jpeg 225w, https:\/\/comitati.fisi.org\/alto-adige\/wp-content\/uploads\/sites\/24\/2026\/03\/Team_Ski-Alpin_2526_Alpe-Cimbra-1-1152x1536.jpeg 1152w, https:\/\/comitati.fisi.org\/alto-adige\/wp-content\/uploads\/sites\/24\/2026\/03\/Team_Ski-Alpin_2526_Alpe-Cimbra-1.jpeg 1200w\" sizes=\"(max-width: 768px) 100vw, 768px\" \/><\/figure>\n\n\n\n<figure class=\"wp-block-image size-large\"><img loading=\"lazy\" decoding=\"async\" width=\"466\" height=\"310\" data-id=\"2673\" src=\"https:\/\/comitati.fisi.org\/alto-adige\/wp-content\/uploads\/sites\/24\/2026\/03\/team_Ski-Alpin_2526_Alpe-Cimbra-1.jpg\" alt=\"\" class=\"wp-image-2673\" srcset=\"https:\/\/comitati.fisi.org\/alto-adige\/wp-content\/uploads\/sites\/24\/2026\/03\/team_Ski-Alpin_2526_Alpe-Cimbra-1.jpg 466w, https:\/\/comitati.fisi.org\/alto-adige\/wp-content\/uploads\/sites\/24\/2026\/03\/team_Ski-Alpin_2526_Alpe-Cimbra-1-300x200.jpg 300w\" sizes=\"(max-width: 466px) 100vw, 466px\" \/><\/figure>\n\n\n\n<figure class=\"wp-block-image size-large\"><img loading=\"lazy\" decoding=\"async\" width=\"768\" height=\"1024\" data-id=\"2675\" src=\"https:\/\/comitati.fisi.org\/alto-adige\/wp-content\/uploads\/sites\/24\/2026\/03\/Team_Ski-Alpin_2526_Alpe-Cimbra-2-768x1024.jpeg\" alt=\"\" class=\"wp-image-2675\" srcset=\"https:\/\/comitati.fisi.org\/alto-adige\/wp-content\/uploads\/sites\/24\/2026\/03\/Team_Ski-Alpin_2526_Alpe-Cimbra-2-768x1024.jpeg 768w, https:\/\/comitati.fisi.org\/alto-adige\/wp-content\/uploads\/sites\/24\/2026\/03\/Team_Ski-Alpin_2526_Alpe-Cimbra-2-225x300.jpeg 225w, https:\/\/comitati.fisi.org\/alto-adige\/wp-content\/uploads\/sites\/24\/2026\/03\/Team_Ski-Alpin_2526_Alpe-Cimbra-2-1152x1536.jpeg 1152w, https:\/\/comitati.fisi.org\/alto-adige\/wp-content\/uploads\/sites\/24\/2026\/03\/Team_Ski-Alpin_2526_Alpe-Cimbra-2.jpeg 1200w\" sizes=\"(max-width: 768px) 100vw, 768px\" \/><\/figure>\n\n\n\n<figure class=\"wp-block-image size-large\"><img loading=\"lazy\" decoding=\"async\" width=\"768\" height=\"1024\" data-id=\"2663\" src=\"https:\/\/comitati.fisi.org\/alto-adige\/wp-content\/uploads\/sites\/24\/2026\/03\/Portraet_Ski-Alpin_2526_Gatterer-Ida_Alpe-Cimbra-768x1024.jpeg\" alt=\"\" class=\"wp-image-2663\" srcset=\"https:\/\/comitati.fisi.org\/alto-adige\/wp-content\/uploads\/sites\/24\/2026\/03\/Portraet_Ski-Alpin_2526_Gatterer-Ida_Alpe-Cimbra-768x1024.jpeg 768w, https:\/\/comitati.fisi.org\/alto-adige\/wp-content\/uploads\/sites\/24\/2026\/03\/Portraet_Ski-Alpin_2526_Gatterer-Ida_Alpe-Cimbra-225x300.jpeg 225w, https:\/\/comitati.fisi.org\/alto-adige\/wp-content\/uploads\/sites\/24\/2026\/03\/Portraet_Ski-Alpin_2526_Gatterer-Ida_Alpe-Cimbra-1152x1536.jpeg 1152w, https:\/\/comitati.fisi.org\/alto-adige\/wp-content\/uploads\/sites\/24\/2026\/03\/Portraet_Ski-Alpin_2526_Gatterer-Ida_Alpe-Cimbra.jpeg 1200w\" sizes=\"(max-width: 768px) 100vw, 768px\" \/><\/figure>\n\n\n\n<figure class=\"wp-block-image size-large\"><img loading=\"lazy\" decoding=\"async\" width=\"768\" height=\"1024\" data-id=\"2661\" src=\"https:\/\/comitati.fisi.org\/alto-adige\/wp-content\/uploads\/sites\/24\/2026\/03\/Portraet_Ski-Alpin_2526_Alpe-Cimbra_Molling-Mia-768x1024.png\" alt=\"\" class=\"wp-image-2661\" srcset=\"https:\/\/comitati.fisi.org\/alto-adige\/wp-content\/uploads\/sites\/24\/2026\/03\/Portraet_Ski-Alpin_2526_Alpe-Cimbra_Molling-Mia-768x1024.png 768w, https:\/\/comitati.fisi.org\/alto-adige\/wp-content\/uploads\/sites\/24\/2026\/03\/Portraet_Ski-Alpin_2526_Alpe-Cimbra_Molling-Mia-225x300.png 225w, https:\/\/comitati.fisi.org\/alto-adige\/wp-content\/uploads\/sites\/24\/2026\/03\/Portraet_Ski-Alpin_2526_Alpe-Cimbra_Molling-Mia-1152x1536.png 1152w, https:\/\/comitati.fisi.org\/alto-adige\/wp-content\/uploads\/sites\/24\/2026\/03\/Portraet_Ski-Alpin_2526_Alpe-Cimbra_Molling-Mia.png 1500w\" sizes=\"(max-width: 768px) 100vw, 768px\" \/><\/figure>\n\n\n\n<figure class=\"wp-block-image size-large\"><img loading=\"lazy\" decoding=\"async\" width=\"768\" height=\"1024\" data-id=\"2659\" src=\"https:\/\/comitati.fisi.org\/alto-adige\/wp-content\/uploads\/sites\/24\/2026\/03\/Portraet_Ski-Alpin_2526_Alpe-Cimbra-2-768x1024.jpg\" alt=\"\" class=\"wp-image-2659\" srcset=\"https:\/\/comitati.fisi.org\/alto-adige\/wp-content\/uploads\/sites\/24\/2026\/03\/Portraet_Ski-Alpin_2526_Alpe-Cimbra-2-768x1024.jpg 768w, https:\/\/comitati.fisi.org\/alto-adige\/wp-content\/uploads\/sites\/24\/2026\/03\/Portraet_Ski-Alpin_2526_Alpe-Cimbra-2-225x300.jpg 225w, https:\/\/comitati.fisi.org\/alto-adige\/wp-content\/uploads\/sites\/24\/2026\/03\/Portraet_Ski-Alpin_2526_Alpe-Cimbra-2.jpg 1080w\" sizes=\"(max-width: 768px) 100vw, 768px\" \/><\/figure>\n\n\n\n<figure class=\"wp-block-image size-large\"><img loading=\"lazy\" decoding=\"async\" width=\"768\" height=\"1024\" data-id=\"2657\" src=\"https:\/\/comitati.fisi.org\/alto-adige\/wp-content\/uploads\/sites\/24\/2026\/03\/Portraet_Ski-Alpin_2526_Alpe-Cimbra-2-768x1024.jpeg\" alt=\"\" class=\"wp-image-2657\" srcset=\"https:\/\/comitati.fisi.org\/alto-adige\/wp-content\/uploads\/sites\/24\/2026\/03\/Portraet_Ski-Alpin_2526_Alpe-Cimbra-2-768x1024.jpeg 768w, https:\/\/comitati.fisi.org\/alto-adige\/wp-content\/uploads\/sites\/24\/2026\/03\/Portraet_Ski-Alpin_2526_Alpe-Cimbra-2-225x300.jpeg 225w, https:\/\/comitati.fisi.org\/alto-adige\/wp-content\/uploads\/sites\/24\/2026\/03\/Portraet_Ski-Alpin_2526_Alpe-Cimbra-2-1152x1536.jpeg 1152w, https:\/\/comitati.fisi.org\/alto-adige\/wp-content\/uploads\/sites\/24\/2026\/03\/Portraet_Ski-Alpin_2526_Alpe-Cimbra-2.jpeg 1200w\" sizes=\"(max-width: 768px) 100vw, 768px\" \/><\/figure>\n\n\n\n<figure class=\"wp-block-image size-large\"><img loading=\"lazy\" decoding=\"async\" width=\"768\" height=\"1024\" data-id=\"2655\" src=\"https:\/\/comitati.fisi.org\/alto-adige\/wp-content\/uploads\/sites\/24\/2026\/03\/Portraet_Ski-Alpin_2526_Alpe-Cimbra-1-768x1024.jpg\" alt=\"\" class=\"wp-image-2655\" srcset=\"https:\/\/comitati.fisi.org\/alto-adige\/wp-content\/uploads\/sites\/24\/2026\/03\/Portraet_Ski-Alpin_2526_Alpe-Cimbra-1-768x1024.jpg 768w, https:\/\/comitati.fisi.org\/alto-adige\/wp-content\/uploads\/sites\/24\/2026\/03\/Portraet_Ski-Alpin_2526_Alpe-Cimbra-1-225x300.jpg 225w, https:\/\/comitati.fisi.org\/alto-adige\/wp-content\/uploads\/sites\/24\/2026\/03\/Portraet_Ski-Alpin_2526_Alpe-Cimbra-1.jpg 1080w\" sizes=\"(max-width: 768px) 100vw, 768px\" \/><\/figure>\n\n\n\n<figure class=\"wp-block-image size-large\"><img loading=\"lazy\" decoding=\"async\" width=\"768\" height=\"1024\" data-id=\"2653\" src=\"https:\/\/comitati.fisi.org\/alto-adige\/wp-content\/uploads\/sites\/24\/2026\/03\/Backstage_Ski-Alpin_2526_Alpe-Cimbra-4-768x1024.jpeg\" alt=\"\" class=\"wp-image-2653\" srcset=\"https:\/\/comitati.fisi.org\/alto-adige\/wp-content\/uploads\/sites\/24\/2026\/03\/Backstage_Ski-Alpin_2526_Alpe-Cimbra-4-768x1024.jpeg 768w, https:\/\/comitati.fisi.org\/alto-adige\/wp-content\/uploads\/sites\/24\/2026\/03\/Backstage_Ski-Alpin_2526_Alpe-Cimbra-4-225x300.jpeg 225w, https:\/\/comitati.fisi.org\/alto-adige\/wp-content\/uploads\/sites\/24\/2026\/03\/Backstage_Ski-Alpin_2526_Alpe-Cimbra-4-1152x1536.jpeg 1152w, https:\/\/comitati.fisi.org\/alto-adige\/wp-content\/uploads\/sites\/24\/2026\/03\/Backstage_Ski-Alpin_2526_Alpe-Cimbra-4.jpeg 1536w\" sizes=\"(max-width: 768px) 100vw, 768px\" \/><\/figure>\n\n\n\n<figure class=\"wp-block-image size-large\"><img loading=\"lazy\" decoding=\"async\" width=\"768\" height=\"1024\" data-id=\"2651\" src=\"https:\/\/comitati.fisi.org\/alto-adige\/wp-content\/uploads\/sites\/24\/2026\/03\/Backstage_Ski-Alpin_2526_Alpe-Cimbra-3-768x1024.jpeg\" alt=\"\" class=\"wp-image-2651\" srcset=\"https:\/\/comitati.fisi.org\/alto-adige\/wp-content\/uploads\/sites\/24\/2026\/03\/Backstage_Ski-Alpin_2526_Alpe-Cimbra-3-768x1024.jpeg 768w, https:\/\/comitati.fisi.org\/alto-adige\/wp-content\/uploads\/sites\/24\/2026\/03\/Backstage_Ski-Alpin_2526_Alpe-Cimbra-3-225x300.jpeg 225w, https:\/\/comitati.fisi.org\/alto-adige\/wp-content\/uploads\/sites\/24\/2026\/03\/Backstage_Ski-Alpin_2526_Alpe-Cimbra-3-1152x1536.jpeg 1152w, https:\/\/comitati.fisi.org\/alto-adige\/wp-content\/uploads\/sites\/24\/2026\/03\/Backstage_Ski-Alpin_2526_Alpe-Cimbra-3.jpeg 1536w\" sizes=\"(max-width: 768px) 100vw, 768px\" \/><\/figure>\n<\/figure>\n","protected":false},"excerpt":{"rendered":"<p>Bozen, 9. M\u00e4rz 2026 \u2013 Seit vergangenem Montag stieg in Folgaria der 65. Alpe Cimbra FIS Children Cup, einer der prestigetr\u00e4chtigsten Jugendwettk\u00e4mpfe im Ski Alpin. Zun\u00e4chst wurden Rennen auf nationaler, dann auf internationaler Ebene ausgetragen. Mittendrin waren einige heimische Talente, die reihenweise Top-Ergebnisse geliefert haben. Au\u00dferdem standen im norwegischen Narvik die Speed-Rennen der Junioren-Weltmeisterschaft auf dem Programm und Anna Trocker&hellip;<\/p>\n","protected":false},"author":7,"featured_media":2687,"comment_status":"open","ping_status":"open","sticky":false,"template":"","format":"standard","meta":{"_acf_changed":false,"footnotes":""},"categories":[20,18,16,17],"tags":[],"acf":[],"_links":{"self":[{"href":"https:\/\/comitati.fisi.org\/alto-adige\/de\/wp-json\/wp\/v2\/posts\/2644"}],"collection":[{"href":"https:\/\/comitati.fisi.org\/alto-adige\/de\/wp-json\/wp\/v2\/posts"}],"about":[{"href":"https:\/\/comitati.fisi.org\/alto-adige\/de\/wp-json\/wp\/v2\/types\/post"}],"author":[{"embeddable":true,"href":"https:\/\/comitati.fisi.org\/alto-adige\/de\/wp-json\/wp\/v2\/users\/7"}],"replies":[{"embeddable":true,"href":"https:\/\/comitati.fisi.org\/alto-adige\/de\/wp-json\/wp\/v2\/comments?post=2644"}],"version-history":[{"count":1,"href":"https:\/\/comitati.fisi.org\/alto-adige\/de\/wp-json\/wp\/v2\/posts\/2644\/revisions"}],"predecessor-version":[{"id":2689,"href":"https:\/\/comitati.fisi.org\/alto-adige\/de\/wp-json\/wp\/v2\/posts\/2644\/revisions\/2689"}],"wp:featuredmedia":[{"embeddable":true,"href":"https:\/\/comitati.fisi.org\/alto-adige\/de\/wp-json\/wp\/v2\/media\/2687"}],"wp:attachment":[{"href":"https:\/\/comitati.fisi.org\/alto-adige\/de\/wp-json\/wp\/v2\/media?parent=2644"}],"wp:term":[{"taxonomy":"category","embeddable":true,"href":"https:\/\/comitati.fisi.org\/alto-adige\/de\/wp-json\/wp\/v2\/categories?post=2644"},{"taxonomy":"post_tag","embeddable":true,"href":"https:\/\/comitati.fisi.org\/alto-adige\/de\/wp-json\/wp\/v2\/tags?post=2644"}],"curies":[{"name":"wp","href":"https:\/\/api.w.org\/{rel}","templated":true}]}}