{"id":9909,"date":"2026-09-06T13:44:12","date_gmt":"2026-09-06T13:44:12","guid":{"rendered":"https:\/\/comitati.fisi.org\/alpi-occidentali\/?p=9909"},"modified":"2026-09-06T13:44:13","modified_gmt":"2026-09-06T13:44:13","slug":"sci-di-fondo-coppa-italia-rode-nellindividuale-u18-di-dobbiaco-delfino-concede-il-bis-al-maschile-doppietta-brondello-liam-lisciandrello","status":"publish","type":"post","link":"https:\/\/comitati.fisi.org\/alpi-occidentali\/blog\/2026\/09\/06\/sci-di-fondo-coppa-italia-rode-nellindividuale-u18-di-dobbiaco-delfino-concede-il-bis-al-maschile-doppietta-brondello-liam-lisciandrello\/","title":{"rendered":"SCI DI FONDO &#8211; COPPA ITALIA RODE: NELL&#8217;INDIVIDUALE U18 DI DOBBIACO DELFINO CONCEDE IL BIS; AL MASCHILE DOPPIETTA BRONDELLO-LIAM LISCIANDRELLO"},"content":{"rendered":"\n<p>Dopo la sprint di sabato ad Anterselva, la Coppa Italia Rode \u2013 Summer Cross Country si \u00e8 spostata domenica 6 settembre a Dobbiaco, dove gli atleti si sono confrontati nelle prove individuali in tecnica libera. Una seconda giornata che ha regalato grandi soddisfazioni al movimento piemontese, con due vittorie e complessivamente tre posti sul podio.<br>A firmare nuovamente il successo tra le U18 femminili \u00e8 stata Lucia Delfino (GS Fiamme Oro). Dopo essersi imposta nella sprint di sabato, la piemontese ha dominato anche la 7,5 km di Dobbiaco, chiudendo in 18&#8217;02&#8243;2. Alle sue spalle Lucia Broggini (GS I Camosci), seconda a 48&#8243;6, e Julia Urgesi (ASD Camosci), terza a 59&#8243;0. Tra le altre piemontesi, Giulia Ronchail (Sci Nordico Pragelato), seconda nella sprint del giorno precedente, ha terminato 11\u00aa a 1&#8217;54&#8243;4 dalla vincitrice. Sofia Cogoli (Sci Nordico Pragelato) ha chiuso 20\u00aa a 2&#8217;53&#8243;7, mentre Stella Macario (SC Valle Pesio) si \u00e8 classificata 37\u00aa a 4&#8217;09&#8243;5. Ancora pi\u00f9 ricco il bottino piemontese nella 10 km U18 maschile, dove \u00e8 arrivata una splendida doppietta piemontese. A vincere \u00e8 stato Leonardo Brondello (GS Fiamme Oro), che ha fermato il cronometro sul tempo di 25&#8217;13&#8243;2. Alle sue spalle grande prova di Liam Lisciandrello (SC Valle Pesio), secondo a 33&#8243;8, mentre il valdostano Cedric Nex (Amis de Verrayes) ha completato il podio, terzo a 49&#8243;1. Appena fuori dal podio un altro piemontese: Joei Lisciandrello (SC Valle Pesio) ha concluso 4\u00b0 a 58&#8243;0, precedendo di poco Emanuele Zamboni. Ottimo piazzamento anche per Luca Fulcheri (Valle Ellero), 7\u00b0 a 1&#8217;22&#8243;4, mentre Andrea Quaranta (Entracque Alpi Marittime) ha terminato 21\u00b0 a 2&#8217;40&#8243;8.<br>Tra gli U20 maschili, sui 10 km, Giacomo Barale (CS Esercito) \u00e8 andato molto vicino al podio. Il piemontese ha concluso al 4\u00b0 posto in 24&#8217;52&#8243;4, a 1&#8217;23&#8243;3 dal vincitore. Successo per Daniel Pedranzini (GS Fiamme Gialle) in 23&#8217;29&#8243;1, davanti a Luca Pietroboni (CS Carabinieri), secondo a 1&#8217;00&#8243;2, e Gianluca Pasini (CS Carabinieri), terzo a 1&#8217;02&#8243;3. Barale ha mancato quindi il podio per appena 21 secondi. Infine, nella 10 km Senior maschile, vittoria di Davide Graz (GS Fiamme Gialle) in 22&#8217;51&#8243;9, con appena 2&#8243;2 di vantaggio su Savelii Korostelev e 2&#8243;9 sull&#8217;altro finanziere Elia Barp, terzo. Molto buona la prova di Davide Ghio (GS Fiamme Gialle), che ha concluso al 6\u00b0 posto a 34&#8243;4 dal compagno di squadra Graz. Pi\u00f9 indietro Martino Carollo (GS Fiamme Oro), 23\u00b0 a 1&#8217;46&#8243;6.<\/p>\n\n\n\n<div data-wp-interactive=\"core\/file\" class=\"wp-block-file\"><object data-wp-bind--hidden=\"!state.hasPdfPreview\"  class=\"wp-block-file__embed\" data=\"https:\/\/comitati.fisi.org\/alpi-occidentali\/wp-content\/uploads\/sites\/26\/2026\/09\/Classifica-Dobbiaco-06_09_26.pdf\" type=\"application\/pdf\" style=\"width:100%;height:600px\" aria-label=\"Incorporamento di Classifica-Dobbiaco-06_09_26.\"><\/object><a id=\"wp-block-file--media-db6cac67-5972-468c-882c-43ad8dc93454\" href=\"https:\/\/comitati.fisi.org\/alpi-occidentali\/wp-content\/uploads\/sites\/26\/2026\/09\/Classifica-Dobbiaco-06_09_26.pdf\">Classifica-Dobbiaco-06_09_26<\/a><a href=\"https:\/\/comitati.fisi.org\/alpi-occidentali\/wp-content\/uploads\/sites\/26\/2026\/09\/Classifica-Dobbiaco-06_09_26.pdf\" class=\"wp-block-file__button wp-element-button\" download aria-describedby=\"wp-block-file--media-db6cac67-5972-468c-882c-43ad8dc93454\">Download<\/a><\/div>\n","protected":false},"excerpt":{"rendered":"<p>Dopo la sprint di sabato ad Anterselva, la Coppa Italia Rode \u2013 Summer Cross Country si \u00e8 spostata domenica 6 settembre a Dobbiaco, dove gli atleti si sono confrontati nelle prove individuali in tecnica libera. Una seconda giornata che ha regalato grandi soddisfazioni al movimento piemontese, con due vittorie e complessivamente tre posti sul podio.A firmare nuovamente il successo tra&hellip;<\/p>\n","protected":false},"author":24,"featured_media":9912,"comment_status":"open","ping_status":"open","sticky":false,"template":"","format":"standard","meta":{"_acf_changed":false,"footnotes":""},"categories":[14,7,3,4,5,6,8],"tags":[15],"acf":[],"_links":{"self":[{"href":"https:\/\/comitati.fisi.org\/alpi-occidentali\/wp-json\/wp\/v2\/posts\/9909"}],"collection":[{"href":"https:\/\/comitati.fisi.org\/alpi-occidentali\/wp-json\/wp\/v2\/posts"}],"about":[{"href":"https:\/\/comitati.fisi.org\/alpi-occidentali\/wp-json\/wp\/v2\/types\/post"}],"author":[{"embeddable":true,"href":"https:\/\/comitati.fisi.org\/alpi-occidentali\/wp-json\/wp\/v2\/users\/24"}],"replies":[{"embeddable":true,"href":"https:\/\/comitati.fisi.org\/alpi-occidentali\/wp-json\/wp\/v2\/comments?post=9909"}],"version-history":[{"count":1,"href":"https:\/\/comitati.fisi.org\/alpi-occidentali\/wp-json\/wp\/v2\/posts\/9909\/revisions"}],"predecessor-version":[{"id":9911,"href":"https:\/\/comitati.fisi.org\/alpi-occidentali\/wp-json\/wp\/v2\/posts\/9909\/revisions\/9911"}],"wp:featuredmedia":[{"embeddable":true,"href":"https:\/\/comitati.fisi.org\/alpi-occidentali\/wp-json\/wp\/v2\/media\/9912"}],"wp:attachment":[{"href":"https:\/\/comitati.fisi.org\/alpi-occidentali\/wp-json\/wp\/v2\/media?parent=9909"}],"wp:term":[{"taxonomy":"category","embeddable":true,"href":"https:\/\/comitati.fisi.org\/alpi-occidentali\/wp-json\/wp\/v2\/categories?post=9909"},{"taxonomy":"post_tag","embeddable":true,"href":"https:\/\/comitati.fisi.org\/alpi-occidentali\/wp-json\/wp\/v2\/tags?post=9909"}],"curies":[{"name":"wp","href":"https:\/\/api.w.org\/{rel}","templated":true}]}}