{"id":9902,"date":"2026-09-05T15:53:01","date_gmt":"2026-09-05T15:53:01","guid":{"rendered":"https:\/\/comitati.fisi.org\/alpi-occidentali\/?p=9902"},"modified":"2026-09-05T16:05:20","modified_gmt":"2026-09-05T16:05:20","slug":"skiroll-immenso-emanuele-becchis-a-madona-il-cuneese-conquista-il-quinto-titolo-mondial-della-sua-carriera","status":"publish","type":"post","link":"https:\/\/comitati.fisi.org\/alpi-occidentali\/blog\/2026\/09\/05\/skiroll-immenso-emanuele-becchis-a-madona-il-cuneese-conquista-il-quinto-titolo-mondial-della-sua-carriera\/","title":{"rendered":"SKIROLL &#8211; IMMENSO EMANUELE BECCHIS! A MADONA IL CUNEESE CONQUISTA IL QUINTO TITOLO MONDIALE DELLA SUA CARRIERA"},"content":{"rendered":"\n<p>Cinque volte sul tetto del mondo. Emanuele Becchis scrive un\u2019altra pagina straordinaria della sua carriera e dello sport piemontese. A Madona, in Lettonia, il fuoriclasse cuneese si \u00e8 laureato ancora una volta campione del mondo nella sprint di skiroll, la specialit\u00e0 che nel corso degli anni lo ha consacrato tra i grandi interpreti della disciplina.<br>Le qualificazioni avevano gi\u00e0 lanciato un segnale chiarissimo, con tre italiani nelle prime tre posizioni. Poi, nelle fasi a eliminazione diretta, Emanuele Becchis e Michele Valerio hanno completato l\u2019opera, andando a prendersi rispettivamente oro e argento nella gara Senior maschile.<br>In finale i due azzurri partono forte e riescono fin dai primi metri a mettere pressione agli avversari. Davanti Becchis \u00e8 semplicemente imprendibile: il cuneese prende il comando e vola verso un altro titolo mondiale. Alle sue spalle Valerio deve invece resistere al ritorno del padrone di casa Lauris Kaparkalejs, che nel finale prova a strappargli la seconda posizione. L\u2019azzurro tiene duro, difende l\u2019argento e lascia al lettone il bronzo.<br>Un successo che per Becchis ha un sapore ancora pi\u00f9 intenso, perch\u00e9 arrivato al termine di una stagione tutt\u2019altro che semplice e, soprattutto, sul bagnato, una condizione che in passato non gli aveva portato particolare fortuna nelle sfide iridate.<br>\u00ab<em>Sono super contento anche per come \u00e8 arrivato questo oro, perch\u00e9 \u00e8 stato un anno difficile tra infortuni e mille problemi. \u00c8 stata un po\u2019 una rincorsa, ma alla fine oggi la gamba girava e sono molto contento<\/em>\u00bb, ha raccontato il piemontese dopo il trionfo.<br>A rendere ancora pi\u00f9 significativa la giornata c\u2019\u00e8 anche quanto fatto registrare gi\u00e0 nelle qualificazioni: \u00ab<em>Ho fatto il mio miglior tempo di sempre in qualifica, quindi vuol dire che il livello si \u00e8 alzato<\/em>\u00bb.<br>Becchis ha poi voluto condividere la soddisfazione con Michele Valerio, compagno di una splendida doppietta azzurra: \u00ab<em>Bravo anche Michele, che mi ha sempre tenuto l\u00ec fino all\u2019ultimo. Si merita questo ottimo argento. Secondo me abbiamo alzato molto il livello e sono contento<\/em>\u00bb.<br>Ma dietro questa quinta maglia iridata c\u2019era anche una piccola sfida personale. Proprio quella con la pioggia e l\u2019asfalto bagnato: \u00ab<em>Per me questo titolo serviva un po\u2019 a incorniciare questi anni, dopo quel piccolo neo del 2019 che mi era rimasto. Sono contento che alla fine sia successo proprio sul bagnato. Fortunatamente non \u00e8 stata una tempesta, la gente si \u00e8 anche divertita a guardarci e con il terreno bagnato \u00e8 andata bene cos\u00ec<\/em>\u00bb.<br>Quello conquistato a Madona \u00e8 il quinto titolo mondiale individuale della sua carriera, dopo quelli ottenuti nel 2015, 2017, 2021 e 2024. Un percorso iridato lungo oltre dieci anni che racconta meglio di qualsiasi altra cosa la continuit\u00e0 ad altissimo livello dell\u2019atleta piemontese.<\/p>\n\n\n\n<p><br><\/p>\n","protected":false},"excerpt":{"rendered":"<p>Cinque volte sul tetto del mondo. Emanuele Becchis scrive un\u2019altra pagina straordinaria della sua carriera e dello sport piemontese. A Madona, in Lettonia, il fuoriclasse cuneese si \u00e8 laureato ancora una volta campione del mondo nella sprint di skiroll, la specialit\u00e0 che nel corso degli anni lo ha consacrato tra i grandi interpreti della disciplina.Le qualificazioni avevano gi\u00e0 lanciato un&hellip;<\/p>\n","protected":false},"author":24,"featured_media":9903,"comment_status":"open","ping_status":"open","sticky":false,"template":"","format":"standard","meta":{"_acf_changed":false,"footnotes":""},"categories":[14,7,3,4,5,6,8],"tags":[77,78,79,76],"acf":[],"_links":{"self":[{"href":"https:\/\/comitati.fisi.org\/alpi-occidentali\/wp-json\/wp\/v2\/posts\/9902"}],"collection":[{"href":"https:\/\/comitati.fisi.org\/alpi-occidentali\/wp-json\/wp\/v2\/posts"}],"about":[{"href":"https:\/\/comitati.fisi.org\/alpi-occidentali\/wp-json\/wp\/v2\/types\/post"}],"author":[{"embeddable":true,"href":"https:\/\/comitati.fisi.org\/alpi-occidentali\/wp-json\/wp\/v2\/users\/24"}],"replies":[{"embeddable":true,"href":"https:\/\/comitati.fisi.org\/alpi-occidentali\/wp-json\/wp\/v2\/comments?post=9902"}],"version-history":[{"count":3,"href":"https:\/\/comitati.fisi.org\/alpi-occidentali\/wp-json\/wp\/v2\/posts\/9902\/revisions"}],"predecessor-version":[{"id":9908,"href":"https:\/\/comitati.fisi.org\/alpi-occidentali\/wp-json\/wp\/v2\/posts\/9902\/revisions\/9908"}],"wp:featuredmedia":[{"embeddable":true,"href":"https:\/\/comitati.fisi.org\/alpi-occidentali\/wp-json\/wp\/v2\/media\/9903"}],"wp:attachment":[{"href":"https:\/\/comitati.fisi.org\/alpi-occidentali\/wp-json\/wp\/v2\/media?parent=9902"}],"wp:term":[{"taxonomy":"category","embeddable":true,"href":"https:\/\/comitati.fisi.org\/alpi-occidentali\/wp-json\/wp\/v2\/categories?post=9902"},{"taxonomy":"post_tag","embeddable":true,"href":"https:\/\/comitati.fisi.org\/alpi-occidentali\/wp-json\/wp\/v2\/tags?post=9902"}],"curies":[{"name":"wp","href":"https:\/\/api.w.org\/{rel}","templated":true}]}}