{"id":8545,"date":"2026-03-13T16:36:05","date_gmt":"2026-03-13T16:36:05","guid":{"rendered":"https:\/\/comitati.fisi.org\/alpi-occidentali\/?p=8545"},"modified":"2026-03-13T17:25:46","modified_gmt":"2026-03-13T17:25:46","slug":"sci-di-fondo-gioele-pellegrino-4-nella-gimkana-dei-campionati-italiani-u14-di-passo-cereda","status":"publish","type":"post","link":"https:\/\/comitati.fisi.org\/alpi-occidentali\/blog\/2026\/03\/13\/sci-di-fondo-gioele-pellegrino-4-nella-gimkana-dei-campionati-italiani-u14-di-passo-cereda\/","title":{"rendered":"SCI DI FONDO &#8211; GIOELE PELLEGRINO 4\u00b0 NELLA GIMKANA DEI CAMPIONATI ITALIANI U14 DI PASSO CEREDA"},"content":{"rendered":"\n<p>Prima giornata di gare a\u00a0Passo Cereda\u00a0per i\u00a0Campionati Italiani U14\u00a0di sci di fondo, dove oltre 250 giovani atleti si sono sfidati nella\u00a0gimkana cross a tecnica libera, gara dinamica e tecnica che ha aperto ufficialmente il programma della rassegna tricolore.<br>Al mattino si sono disputate le qualifiche sull\u2019anello di 1 chilometro, mentre dalle 11.30 spazio alle batterie ad eliminazione diretta che hanno reso la competizione particolarmente combattuta e divertente, con sorpassi, cambi di ritmo e grande abilit\u00e0 sugli sci.<br>Nella finale maschile a imporsi \u00e8 stato\u00a0Nicol\u00f2 Piller Cottrer\u00a0(Camosci), che ha preceduto Davide Trettel (Cermis) e Christian Confortola (Alta Valtellina). Ai piedi del podio Gioele Pellegrino (Entracque Alpi Marittime), mentre la quinta posizione \u00e8 andata a Stefano Ganz (Primiero). Buon 8\u00b0 posto per Giovanni Risso (Entracque Alpi Marittime); qualche posizioni pi\u00f9 indietro troviamo Davide Marchisio (Entracque Alpi Marittime)18\u00b0, Carlo Simon (Valle Stura), 21\u00b0, mentre Nicol\u00f2 Rosso (Entracque Alpi Marittime) chiude al 25\u00b0 posto. <br>Nella gara femminile il successo \u00e8 andato ad\u00a0Anna Profanter\u00a0(Seiser Alm). La giovane altoatesina ha avuto la meglio su Sofia Orsi (Carisolo) e Vanessa Piccolo (Edelweiss). Quarta piazza per Ronja Zemmer (Seiser Alm), mentre ha chiuso quinta Gaia Debertolis (Primiero). La prima piemontese in classifica \u00e8 Lucia Macario (Entracque Alpi Marittime) che termina la prova al 20\u00b0 posto.<br>Alla premiazione in piazza, a Fiera di Primiero, ha preso parte anche il biatleta azzurro\u00a0Tommaso Giacomel, che ha portato il saluto e l\u2019incoraggiamento ai giovani atleti, rendendo ancora pi\u00f9 speciale il momento di festa.<br>Il programma dei Campionati Italiani U14 proseguir\u00e0 sabato con la gara individuale in tecnica classica, mentre domenica si chiuder\u00e0 con la suggestiva staffetta mista con squadre composte da due frazionisti maschi e due femmine.<\/p>\n\n\n\n<div data-wp-interactive=\"core\/file\" class=\"wp-block-file\"><object data-wp-bind--hidden=\"!state.hasPdfPreview\"  class=\"wp-block-file__embed\" data=\"https:\/\/comitati.fisi.org\/alpi-occidentali\/wp-content\/uploads\/sites\/26\/2026\/03\/Classifica-Gimkana-Passo-Cereda-13_03_26.pdf\" type=\"application\/pdf\" style=\"width:100%;height:600px\" aria-label=\"Incorporamento di Classifica-Gimkana-Passo-Cereda-13_03_26.\"><\/object><a id=\"wp-block-file--media-681a4d78-9482-4fbc-8a5d-a5886d77a506\" href=\"https:\/\/comitati.fisi.org\/alpi-occidentali\/wp-content\/uploads\/sites\/26\/2026\/03\/Classifica-Gimkana-Passo-Cereda-13_03_26.pdf\">Classifica-Gimkana-Passo-Cereda-13_03_26<\/a><a href=\"https:\/\/comitati.fisi.org\/alpi-occidentali\/wp-content\/uploads\/sites\/26\/2026\/03\/Classifica-Gimkana-Passo-Cereda-13_03_26.pdf\" class=\"wp-block-file__button wp-element-button\" download aria-describedby=\"wp-block-file--media-681a4d78-9482-4fbc-8a5d-a5886d77a506\">Download<\/a><\/div>\n","protected":false},"excerpt":{"rendered":"<p>Prima giornata di gare a\u00a0Passo Cereda\u00a0per i\u00a0Campionati Italiani U14\u00a0di sci di fondo, dove oltre 250 giovani atleti si sono sfidati nella\u00a0gimkana cross a tecnica libera, gara dinamica e tecnica che ha aperto ufficialmente il programma della rassegna tricolore.Al mattino si sono disputate le qualifiche sull\u2019anello di 1 chilometro, mentre dalle 11.30 spazio alle batterie ad eliminazione diretta che hanno reso&hellip;<\/p>\n","protected":false},"author":24,"featured_media":8547,"comment_status":"open","ping_status":"open","sticky":false,"template":"","format":"standard","meta":{"_acf_changed":false,"footnotes":""},"categories":[14,7,3,4,5,6,8],"tags":[15],"acf":[],"_links":{"self":[{"href":"https:\/\/comitati.fisi.org\/alpi-occidentali\/wp-json\/wp\/v2\/posts\/8545"}],"collection":[{"href":"https:\/\/comitati.fisi.org\/alpi-occidentali\/wp-json\/wp\/v2\/posts"}],"about":[{"href":"https:\/\/comitati.fisi.org\/alpi-occidentali\/wp-json\/wp\/v2\/types\/post"}],"author":[{"embeddable":true,"href":"https:\/\/comitati.fisi.org\/alpi-occidentali\/wp-json\/wp\/v2\/users\/24"}],"replies":[{"embeddable":true,"href":"https:\/\/comitati.fisi.org\/alpi-occidentali\/wp-json\/wp\/v2\/comments?post=8545"}],"version-history":[{"count":1,"href":"https:\/\/comitati.fisi.org\/alpi-occidentali\/wp-json\/wp\/v2\/posts\/8545\/revisions"}],"predecessor-version":[{"id":8548,"href":"https:\/\/comitati.fisi.org\/alpi-occidentali\/wp-json\/wp\/v2\/posts\/8545\/revisions\/8548"}],"wp:featuredmedia":[{"embeddable":true,"href":"https:\/\/comitati.fisi.org\/alpi-occidentali\/wp-json\/wp\/v2\/media\/8547"}],"wp:attachment":[{"href":"https:\/\/comitati.fisi.org\/alpi-occidentali\/wp-json\/wp\/v2\/media?parent=8545"}],"wp:term":[{"taxonomy":"category","embeddable":true,"href":"https:\/\/comitati.fisi.org\/alpi-occidentali\/wp-json\/wp\/v2\/categories?post=8545"},{"taxonomy":"post_tag","embeddable":true,"href":"https:\/\/comitati.fisi.org\/alpi-occidentali\/wp-json\/wp\/v2\/tags?post=8545"}],"curies":[{"name":"wp","href":"https:\/\/api.w.org\/{rel}","templated":true}]}}