{"id":8143,"date":"2026-03-03T21:24:04","date_gmt":"2026-03-03T21:24:04","guid":{"rendered":"https:\/\/comitati.fisi.org\/alpi-occidentali\/?p=8143"},"modified":"2026-03-03T21:32:47","modified_gmt":"2026-03-03T21:32:47","slug":"selezioni-nazionali-dellalpe-cimbra-fis-children-cup-ranieri-seconda-e-balbo-quarta-nel-gigante-allievi-maggiani-caminelli-e-rosen-quarti-nello-slalom-ragazzi-comitato-alpi-occidentali-ter","status":"publish","type":"post","link":"https:\/\/comitati.fisi.org\/alpi-occidentali\/blog\/2026\/03\/03\/selezioni-nazionali-dellalpe-cimbra-fis-children-cup-ranieri-seconda-e-balbo-quarta-nel-gigante-allievi-maggiani-caminelli-e-rosen-quarti-nello-slalom-ragazzi-comitato-alpi-occidentali-ter\/","title":{"rendered":"SELEZIONI NAZIONALI DELL\u2019ALPE CIMBRA FIS CHILDREN CUP: RANIERI SECONDA E BALBO QUARTA NEL GIGANTE ALLIEVI. MAGGIANI CAMINELLI E ROSEN QUARTI NELLO SLALOM RAGAZZI. COMITATO ALPI OCCIDENTALI TERZO"},"content":{"rendered":"\n<p>Quella di marted\u00ec 3 marzo \u00e8 stata la seconda e ultima giornata delle selezioni nazionali dell\u2019Alpe Cimbra FIS Children Cup sulle nevi di Folgaria. Gli Allievi erano in gara sulla pista Agonistica nel Gigante. La gara femminile \u00e8 stata vinto dalla lombarda Eva Balduzzi dello Sci Club Radici Group con il tempo totale di 1\u2019,57\u201d10, con soli 18\/100 di margine sulla milanese Benedetta Rosa Ranieri dello Sci Club Limone. Terza a 99\/100 Amy Happacher dello Sci Club 3 Zinnen Dolomites. Al quarto posto Cecilia Balbo del Mondol\u00e8 Ski Team, all\u2019ottavo Ludovica Vottero dell\u2019Equipe Pragelato, all\u2019undicesimo Maria Casaccia dello Sci Club Mera, al tredicesimo Anna Reita del Sestriere e oltre il ventesimo posto le altre rappresentanti del Comitato FISI Alpi Occidentali. Simon Kaser del Seiser Alm Ski Team ha vinto la gara maschile in 1\u2019,55\u201d,97\/100, staccando rispettivamente di 25\/100 e di 79\/100 Pietro Seletto dello Sci Club Azzurri del Cervino e Giovanni Ceccarelli del FassActive. Al nono posto Pietro Magro dello Sci Club Bardonecchia, al diciottesimo Federico Scrimaglia dello Sci Club Limone e al diciannovesimo Alessandro Borrelli del Bardonecchia. Sulla pista Martinella Nord i Ragazzi hanno disputato lo Slalom e nella prova femminile ha vinto Michelle Dal Farra dello Sci Club Limana con il tempo totale di 1\u2019,27\u201d,82\/100, seguita ad 1\u201d,21\/100 da Estelle Fosson dello Sci Club Aosta e ad 1\u201d,69\/100 da Sveva Di Gallo dello Sci Club Cortina. Quarta piazza per Sofia Maggiani Caminelli dello Sci Club Claviere e quattordicesima per Vittoria Simonelli dello Sci Club Sestriere. Edoardo Ricci dello Sci Club Lecco ha vinto la competizione maschile con il tempo totale di 1\u2019,32\u201d,24\/100, staccando di 94\/100 Elias Magoni della Renngemeinschaft Wipptal e di 1\u201d,18\/100 Gregorio Buffatti del FassActive. Al quarto posto Vittorio Rosen dell\u2019Equipe Limone, al nono Giovanni La Magna Zimmermann dello Ski College Limone, al dodicesimo Andrea Bruno dello Sci Club Claviere, al tredicesimo Giovanni Oliveri del Sestriere. Nella classifica a squadre primo il Comitato FISI Alto Adige con 959 punti, secondo il Comitato Alpi Centrali con 662 e terzo il Comitato Alpi Occidentali con 634 punti. Per la fase internazionale dell\u2019Alpe Cimbra FIS Children Cup, che \u00e8 in programma gioved\u00ec 5 e venerd\u00ec 6 marzo, Benedetta Rosa Ranieri garegger\u00e0 per la squadra A degli Allievi, mentre Cecilia Balbo e Felix Baldi faranno parte della squadra B.<\/p>\n\n\n\n<figure class=\"wp-block-gallery has-nested-images columns-default is-cropped wp-block-gallery-1 is-layout-flex wp-block-gallery-is-layout-flex\">\n<figure class=\"wp-block-image size-large\"><img loading=\"lazy\" decoding=\"async\" width=\"1024\" height=\"684\" data-id=\"8144\" src=\"https:\/\/comitati.fisi.org\/alpi-occidentali\/wp-content\/uploads\/sites\/26\/2026\/03\/2_podio_GS.-All.-F_sel.-naz.-Alpe-Cimbra_Folgaria_03_03_2026-1024x684.jpg\" alt=\"\" class=\"wp-image-8144\" srcset=\"https:\/\/comitati.fisi.org\/alpi-occidentali\/wp-content\/uploads\/sites\/26\/2026\/03\/2_podio_GS.-All.-F_sel.-naz.-Alpe-Cimbra_Folgaria_03_03_2026-1024x684.jpg 1024w, https:\/\/comitati.fisi.org\/alpi-occidentali\/wp-content\/uploads\/sites\/26\/2026\/03\/2_podio_GS.-All.-F_sel.-naz.-Alpe-Cimbra_Folgaria_03_03_2026-300x200.jpg 300w, https:\/\/comitati.fisi.org\/alpi-occidentali\/wp-content\/uploads\/sites\/26\/2026\/03\/2_podio_GS.-All.-F_sel.-naz.-Alpe-Cimbra_Folgaria_03_03_2026-768x513.jpg 768w, https:\/\/comitati.fisi.org\/alpi-occidentali\/wp-content\/uploads\/sites\/26\/2026\/03\/2_podio_GS.-All.-F_sel.-naz.-Alpe-Cimbra_Folgaria_03_03_2026-1536x1026.jpg 1536w, https:\/\/comitati.fisi.org\/alpi-occidentali\/wp-content\/uploads\/sites\/26\/2026\/03\/2_podio_GS.-All.-F_sel.-naz.-Alpe-Cimbra_Folgaria_03_03_2026.jpg 1688w\" sizes=\"(max-width: 1024px) 100vw, 1024px\" \/><\/figure>\n\n\n\n<figure class=\"wp-block-image size-large\"><img loading=\"lazy\" decoding=\"async\" width=\"1024\" height=\"690\" data-id=\"8147\" src=\"https:\/\/comitati.fisi.org\/alpi-occidentali\/wp-content\/uploads\/sites\/26\/2026\/03\/3_Cecilia_Balbo_4_GS.-All.-F_sel.-naz.-Alpe-Cimbra_Folgaria_03_03_2026-1024x690.jpg\" alt=\"\" class=\"wp-image-8147\" srcset=\"https:\/\/comitati.fisi.org\/alpi-occidentali\/wp-content\/uploads\/sites\/26\/2026\/03\/3_Cecilia_Balbo_4_GS.-All.-F_sel.-naz.-Alpe-Cimbra_Folgaria_03_03_2026-1024x690.jpg 1024w, https:\/\/comitati.fisi.org\/alpi-occidentali\/wp-content\/uploads\/sites\/26\/2026\/03\/3_Cecilia_Balbo_4_GS.-All.-F_sel.-naz.-Alpe-Cimbra_Folgaria_03_03_2026-300x202.jpg 300w, https:\/\/comitati.fisi.org\/alpi-occidentali\/wp-content\/uploads\/sites\/26\/2026\/03\/3_Cecilia_Balbo_4_GS.-All.-F_sel.-naz.-Alpe-Cimbra_Folgaria_03_03_2026-768x517.jpg 768w, https:\/\/comitati.fisi.org\/alpi-occidentali\/wp-content\/uploads\/sites\/26\/2026\/03\/3_Cecilia_Balbo_4_GS.-All.-F_sel.-naz.-Alpe-Cimbra_Folgaria_03_03_2026-1536x1035.jpg 1536w, https:\/\/comitati.fisi.org\/alpi-occidentali\/wp-content\/uploads\/sites\/26\/2026\/03\/3_Cecilia_Balbo_4_GS.-All.-F_sel.-naz.-Alpe-Cimbra_Folgaria_03_03_2026-2048x1379.jpg 2048w\" sizes=\"(max-width: 1024px) 100vw, 1024px\" \/><\/figure>\n\n\n\n<figure class=\"wp-block-image size-large\"><img loading=\"lazy\" decoding=\"async\" width=\"1024\" height=\"678\" data-id=\"8146\" src=\"https:\/\/comitati.fisi.org\/alpi-occidentali\/wp-content\/uploads\/sites\/26\/2026\/03\/4_Sofia_Maggiani-Caminelli_4_Sl.-Rag.-F_sel.-naz.-Alpe-Cimbra_Folgaria_03_03_2026-1024x678.jpg\" alt=\"\" class=\"wp-image-8146\" srcset=\"https:\/\/comitati.fisi.org\/alpi-occidentali\/wp-content\/uploads\/sites\/26\/2026\/03\/4_Sofia_Maggiani-Caminelli_4_Sl.-Rag.-F_sel.-naz.-Alpe-Cimbra_Folgaria_03_03_2026-1024x678.jpg 1024w, https:\/\/comitati.fisi.org\/alpi-occidentali\/wp-content\/uploads\/sites\/26\/2026\/03\/4_Sofia_Maggiani-Caminelli_4_Sl.-Rag.-F_sel.-naz.-Alpe-Cimbra_Folgaria_03_03_2026-300x199.jpg 300w, https:\/\/comitati.fisi.org\/alpi-occidentali\/wp-content\/uploads\/sites\/26\/2026\/03\/4_Sofia_Maggiani-Caminelli_4_Sl.-Rag.-F_sel.-naz.-Alpe-Cimbra_Folgaria_03_03_2026-768x508.jpg 768w, https:\/\/comitati.fisi.org\/alpi-occidentali\/wp-content\/uploads\/sites\/26\/2026\/03\/4_Sofia_Maggiani-Caminelli_4_Sl.-Rag.-F_sel.-naz.-Alpe-Cimbra_Folgaria_03_03_2026-1536x1017.jpg 1536w, https:\/\/comitati.fisi.org\/alpi-occidentali\/wp-content\/uploads\/sites\/26\/2026\/03\/4_Sofia_Maggiani-Caminelli_4_Sl.-Rag.-F_sel.-naz.-Alpe-Cimbra_Folgaria_03_03_2026-2048x1355.jpg 2048w\" sizes=\"(max-width: 1024px) 100vw, 1024px\" \/><\/figure>\n\n\n\n<figure class=\"wp-block-image size-large\"><img loading=\"lazy\" decoding=\"async\" width=\"1024\" height=\"683\" data-id=\"8145\" src=\"https:\/\/comitati.fisi.org\/alpi-occidentali\/wp-content\/uploads\/sites\/26\/2026\/03\/5_Vittorio_Rosen_4_Sl.-Rag.-M_sel.-naz.-Alpe-Cimbra_Folgaria_03_03_2026-1024x683.jpg\" alt=\"\" class=\"wp-image-8145\" srcset=\"https:\/\/comitati.fisi.org\/alpi-occidentali\/wp-content\/uploads\/sites\/26\/2026\/03\/5_Vittorio_Rosen_4_Sl.-Rag.-M_sel.-naz.-Alpe-Cimbra_Folgaria_03_03_2026-1024x683.jpg 1024w, https:\/\/comitati.fisi.org\/alpi-occidentali\/wp-content\/uploads\/sites\/26\/2026\/03\/5_Vittorio_Rosen_4_Sl.-Rag.-M_sel.-naz.-Alpe-Cimbra_Folgaria_03_03_2026-300x200.jpg 300w, https:\/\/comitati.fisi.org\/alpi-occidentali\/wp-content\/uploads\/sites\/26\/2026\/03\/5_Vittorio_Rosen_4_Sl.-Rag.-M_sel.-naz.-Alpe-Cimbra_Folgaria_03_03_2026-768x512.jpg 768w, https:\/\/comitati.fisi.org\/alpi-occidentali\/wp-content\/uploads\/sites\/26\/2026\/03\/5_Vittorio_Rosen_4_Sl.-Rag.-M_sel.-naz.-Alpe-Cimbra_Folgaria_03_03_2026-1536x1025.jpg 1536w, https:\/\/comitati.fisi.org\/alpi-occidentali\/wp-content\/uploads\/sites\/26\/2026\/03\/5_Vittorio_Rosen_4_Sl.-Rag.-M_sel.-naz.-Alpe-Cimbra_Folgaria_03_03_2026-2048x1367.jpg 2048w\" sizes=\"(max-width: 1024px) 100vw, 1024px\" \/><\/figure>\n<\/figure>\n\n\n\n<div data-wp-interactive=\"core\/file\" class=\"wp-block-file\"><object data-wp-bind--hidden=\"!state.hasPdfPreview\"  class=\"wp-block-file__embed\" data=\"https:\/\/comitati.fisi.org\/alpi-occidentali\/wp-content\/uploads\/sites\/26\/2026\/03\/Gigante_Allievi_sel.-naz.-Alpe-Cimbra_Folgaria_03_03_2026.pdf\" type=\"application\/pdf\" style=\"width:100%;height:600px\" aria-label=\"Incorporamento di Gigante_Allievi_sel.-naz.-Alpe-Cimbra_Folgaria_03_03_2026.\"><\/object><a id=\"wp-block-file--media-eaa326f4-83dc-43ef-ac2d-4e866290cd87\" href=\"https:\/\/comitati.fisi.org\/alpi-occidentali\/wp-content\/uploads\/sites\/26\/2026\/03\/Gigante_Allievi_sel.-naz.-Alpe-Cimbra_Folgaria_03_03_2026.pdf\">Gigante_Allievi_sel.-naz.-Alpe-Cimbra_Folgaria_03_03_2026<\/a><a href=\"https:\/\/comitati.fisi.org\/alpi-occidentali\/wp-content\/uploads\/sites\/26\/2026\/03\/Gigante_Allievi_sel.-naz.-Alpe-Cimbra_Folgaria_03_03_2026.pdf\" class=\"wp-block-file__button wp-element-button\" download aria-describedby=\"wp-block-file--media-eaa326f4-83dc-43ef-ac2d-4e866290cd87\">Download<\/a><\/div>\n\n\n\n<div data-wp-interactive=\"core\/file\" class=\"wp-block-file\"><object data-wp-bind--hidden=\"!state.hasPdfPreview\"  class=\"wp-block-file__embed\" data=\"https:\/\/comitati.fisi.org\/alpi-occidentali\/wp-content\/uploads\/sites\/26\/2026\/03\/Slalom_Ragazzi_sel.-naz.-Alpe-Cimbra_Folgaria_03_03_2026.pdf\" type=\"application\/pdf\" style=\"width:100%;height:600px\" aria-label=\"Incorporamento di Slalom_Ragazzi_sel.-naz.-Alpe-Cimbra_Folgaria_03_03_2026.\"><\/object><a id=\"wp-block-file--media-cf19d58b-5d20-4ef7-a0b9-04bb679b6606\" href=\"https:\/\/comitati.fisi.org\/alpi-occidentali\/wp-content\/uploads\/sites\/26\/2026\/03\/Slalom_Ragazzi_sel.-naz.-Alpe-Cimbra_Folgaria_03_03_2026.pdf\">Slalom_Ragazzi_sel.-naz.-Alpe-Cimbra_Folgaria_03_03_2026<\/a><a href=\"https:\/\/comitati.fisi.org\/alpi-occidentali\/wp-content\/uploads\/sites\/26\/2026\/03\/Slalom_Ragazzi_sel.-naz.-Alpe-Cimbra_Folgaria_03_03_2026.pdf\" class=\"wp-block-file__button wp-element-button\" download aria-describedby=\"wp-block-file--media-cf19d58b-5d20-4ef7-a0b9-04bb679b6606\">Download<\/a><\/div>\n\n\n\n<div data-wp-interactive=\"core\/file\" class=\"wp-block-file\"><object data-wp-bind--hidden=\"!state.hasPdfPreview\"  class=\"wp-block-file__embed\" data=\"https:\/\/comitati.fisi.org\/alpi-occidentali\/wp-content\/uploads\/sites\/26\/2026\/03\/Comitati_sel.-naz.-Alpe-Cimbra_Folgaria_03_03_2026.pdf\" type=\"application\/pdf\" style=\"width:100%;height:600px\" aria-label=\"Incorporamento di Comitati_sel.-naz.-Alpe-Cimbra_Folgaria_03_03_2026.\"><\/object><a id=\"wp-block-file--media-2198b381-2b74-4447-9ab2-f13911e8e1d8\" href=\"https:\/\/comitati.fisi.org\/alpi-occidentali\/wp-content\/uploads\/sites\/26\/2026\/03\/Comitati_sel.-naz.-Alpe-Cimbra_Folgaria_03_03_2026.pdf\">Comitati_sel.-naz.-Alpe-Cimbra_Folgaria_03_03_2026<\/a><a href=\"https:\/\/comitati.fisi.org\/alpi-occidentali\/wp-content\/uploads\/sites\/26\/2026\/03\/Comitati_sel.-naz.-Alpe-Cimbra_Folgaria_03_03_2026.pdf\" class=\"wp-block-file__button wp-element-button\" download aria-describedby=\"wp-block-file--media-2198b381-2b74-4447-9ab2-f13911e8e1d8\">Download<\/a><\/div>\n\n\n\n<figure class=\"wp-block-gallery has-nested-images columns-default is-cropped wp-block-gallery-2 is-layout-flex wp-block-gallery-is-layout-flex\">\n<figure class=\"wp-block-image size-large\"><img loading=\"lazy\" decoding=\"async\" width=\"1024\" height=\"703\" data-id=\"8151\" src=\"https:\/\/comitati.fisi.org\/alpi-occidentali\/wp-content\/uploads\/sites\/26\/2026\/03\/1_Benedetta-Rosa_Ranieri_2_GS.-All.-F_sel.-naz.-Alpe-Cimbra_Folgaria_03_03_2026-1024x703.jpg\" alt=\"\" class=\"wp-image-8151\" srcset=\"https:\/\/comitati.fisi.org\/alpi-occidentali\/wp-content\/uploads\/sites\/26\/2026\/03\/1_Benedetta-Rosa_Ranieri_2_GS.-All.-F_sel.-naz.-Alpe-Cimbra_Folgaria_03_03_2026-1024x703.jpg 1024w, https:\/\/comitati.fisi.org\/alpi-occidentali\/wp-content\/uploads\/sites\/26\/2026\/03\/1_Benedetta-Rosa_Ranieri_2_GS.-All.-F_sel.-naz.-Alpe-Cimbra_Folgaria_03_03_2026-300x206.jpg 300w, https:\/\/comitati.fisi.org\/alpi-occidentali\/wp-content\/uploads\/sites\/26\/2026\/03\/1_Benedetta-Rosa_Ranieri_2_GS.-All.-F_sel.-naz.-Alpe-Cimbra_Folgaria_03_03_2026-768x527.jpg 768w, https:\/\/comitati.fisi.org\/alpi-occidentali\/wp-content\/uploads\/sites\/26\/2026\/03\/1_Benedetta-Rosa_Ranieri_2_GS.-All.-F_sel.-naz.-Alpe-Cimbra_Folgaria_03_03_2026-1536x1054.jpg 1536w, https:\/\/comitati.fisi.org\/alpi-occidentali\/wp-content\/uploads\/sites\/26\/2026\/03\/1_Benedetta-Rosa_Ranieri_2_GS.-All.-F_sel.-naz.-Alpe-Cimbra_Folgaria_03_03_2026-2048x1406.jpg 2048w\" sizes=\"(max-width: 1024px) 100vw, 1024px\" \/><\/figure>\n<\/figure>\n\n\n\n<p><strong>In allegato<\/strong><strong>: alcune immagini della seconda giornata delle selezioni nazionali dell\u2019Alpe Cimbra FIS Children Cup e le classifiche delle gare<\/strong><\/p>\n","protected":false},"excerpt":{"rendered":"<p>Quella di marted\u00ec 3 marzo \u00e8 stata la seconda e ultima giornata delle selezioni nazionali dell\u2019Alpe Cimbra FIS Children Cup sulle nevi di Folgaria. Gli Allievi erano in gara sulla pista Agonistica nel Gigante. La gara femminile \u00e8 stata vinto dalla lombarda Eva Balduzzi dello Sci Club Radici Group con il tempo totale di 1\u2019,57\u201d10, con soli 18\/100 di margine&hellip;<\/p>\n","protected":false},"author":24,"featured_media":8152,"comment_status":"open","ping_status":"open","sticky":false,"template":"","format":"standard","meta":{"_acf_changed":false,"footnotes":""},"categories":[14,7,3,4,5,11,6,8],"tags":[],"acf":[],"_links":{"self":[{"href":"https:\/\/comitati.fisi.org\/alpi-occidentali\/wp-json\/wp\/v2\/posts\/8143"}],"collection":[{"href":"https:\/\/comitati.fisi.org\/alpi-occidentali\/wp-json\/wp\/v2\/posts"}],"about":[{"href":"https:\/\/comitati.fisi.org\/alpi-occidentali\/wp-json\/wp\/v2\/types\/post"}],"author":[{"embeddable":true,"href":"https:\/\/comitati.fisi.org\/alpi-occidentali\/wp-json\/wp\/v2\/users\/24"}],"replies":[{"embeddable":true,"href":"https:\/\/comitati.fisi.org\/alpi-occidentali\/wp-json\/wp\/v2\/comments?post=8143"}],"version-history":[{"count":2,"href":"https:\/\/comitati.fisi.org\/alpi-occidentali\/wp-json\/wp\/v2\/posts\/8143\/revisions"}],"predecessor-version":[{"id":8154,"href":"https:\/\/comitati.fisi.org\/alpi-occidentali\/wp-json\/wp\/v2\/posts\/8143\/revisions\/8154"}],"wp:featuredmedia":[{"embeddable":true,"href":"https:\/\/comitati.fisi.org\/alpi-occidentali\/wp-json\/wp\/v2\/media\/8152"}],"wp:attachment":[{"href":"https:\/\/comitati.fisi.org\/alpi-occidentali\/wp-json\/wp\/v2\/media?parent=8143"}],"wp:term":[{"taxonomy":"category","embeddable":true,"href":"https:\/\/comitati.fisi.org\/alpi-occidentali\/wp-json\/wp\/v2\/categories?post=8143"},{"taxonomy":"post_tag","embeddable":true,"href":"https:\/\/comitati.fisi.org\/alpi-occidentali\/wp-json\/wp\/v2\/tags?post=8143"}],"curies":[{"name":"wp","href":"https:\/\/api.w.org\/{rel}","templated":true}]}}