{"id":4895,"date":"2025-04-01T22:24:02","date_gmt":"2025-04-01T22:24:02","guid":{"rendered":"https:\/\/comitati.fisi.org\/alpi-occidentali\/?p=4895"},"modified":"2025-04-01T22:24:03","modified_gmt":"2025-04-01T22:24:03","slug":"telemark-a-bardonecchia-dal-3-al-5-aprile-i-campionati-mondiali-juniores-con-le-gare-classics-sprint-e-parallel-sprint","status":"publish","type":"post","link":"https:\/\/comitati.fisi.org\/alpi-occidentali\/blog\/2025\/04\/01\/telemark-a-bardonecchia-dal-3-al-5-aprile-i-campionati-mondiali-juniores-con-le-gare-classics-sprint-e-parallel-sprint\/","title":{"rendered":"TELEMARK: A BARDONECCHIA DAL 3 AL 5 APRILE I CAMPIONATI MONDIALI JUNIORES, CON LE GARE CLASSICS, SPRINT E PARALLEL SPRINT"},"content":{"rendered":"\n<p>Le piste del Melezet a Bardonecchia, chiuse ai turisti e riservate per l\u2019occasione agli atleti, ospitano da gioved\u00ec 3 a sabato 5 aprile i Campionati Mondiali Juniores di Telemark. Mettendo a disposizione il tracciato della 25 Sellette bis la Colomion spa riafferma il ruolo della localit\u00e0 valsusina, che \u00e8 stata una delle \u201cculle\u201d della riscoperta dello sci a tallone libero in Italia a partire dagli anni \u201880 e \u201890 del XX secolo. Mercoled\u00ec 2 aprile alle 18 al Palazzo delle Feste di Bardonecchia \u00e8 in programma la riunione dei capitani delle squadre nazionali, mentre la Classic Race si correr\u00e0 nella mattinata di gioved\u00ec 3. Venerd\u00ec 4 sar\u00e0 la giornata delle due manche della gara Sprint e sabato 5 si disputeranno le qualificazioni e le finali del Parallelo Sprint. Le premiazioni sono in programma sul campo di gara mezz\u2019ora dopo la conclusione delle competizioni.<\/p>\n","protected":false},"excerpt":{"rendered":"<p>Le piste del Melezet a Bardonecchia, chiuse ai turisti e riservate per l\u2019occasione agli atleti, ospitano da gioved\u00ec 3 a sabato 5 aprile i Campionati Mondiali Juniores di Telemark. Mettendo a disposizione il tracciato della 25 Sellette bis la Colomion spa riafferma il ruolo della localit\u00e0 valsusina, che \u00e8 stata una delle \u201cculle\u201d della riscoperta dello sci a tallone libero&hellip;<\/p>\n","protected":false},"author":24,"featured_media":4896,"comment_status":"open","ping_status":"open","sticky":false,"template":"","format":"standard","meta":{"_acf_changed":false,"footnotes":""},"categories":[14,7,3,4,5,11,6,8],"tags":[],"acf":[],"_links":{"self":[{"href":"https:\/\/comitati.fisi.org\/alpi-occidentali\/wp-json\/wp\/v2\/posts\/4895"}],"collection":[{"href":"https:\/\/comitati.fisi.org\/alpi-occidentali\/wp-json\/wp\/v2\/posts"}],"about":[{"href":"https:\/\/comitati.fisi.org\/alpi-occidentali\/wp-json\/wp\/v2\/types\/post"}],"author":[{"embeddable":true,"href":"https:\/\/comitati.fisi.org\/alpi-occidentali\/wp-json\/wp\/v2\/users\/24"}],"replies":[{"embeddable":true,"href":"https:\/\/comitati.fisi.org\/alpi-occidentali\/wp-json\/wp\/v2\/comments?post=4895"}],"version-history":[{"count":1,"href":"https:\/\/comitati.fisi.org\/alpi-occidentali\/wp-json\/wp\/v2\/posts\/4895\/revisions"}],"predecessor-version":[{"id":4897,"href":"https:\/\/comitati.fisi.org\/alpi-occidentali\/wp-json\/wp\/v2\/posts\/4895\/revisions\/4897"}],"wp:featuredmedia":[{"embeddable":true,"href":"https:\/\/comitati.fisi.org\/alpi-occidentali\/wp-json\/wp\/v2\/media\/4896"}],"wp:attachment":[{"href":"https:\/\/comitati.fisi.org\/alpi-occidentali\/wp-json\/wp\/v2\/media?parent=4895"}],"wp:term":[{"taxonomy":"category","embeddable":true,"href":"https:\/\/comitati.fisi.org\/alpi-occidentali\/wp-json\/wp\/v2\/categories?post=4895"},{"taxonomy":"post_tag","embeddable":true,"href":"https:\/\/comitati.fisi.org\/alpi-occidentali\/wp-json\/wp\/v2\/tags?post=4895"}],"curies":[{"name":"wp","href":"https:\/\/api.w.org\/{rel}","templated":true}]}}