{"id":330,"date":"2012-07-12T07:07:50","date_gmt":"2012-07-12T05:07:50","guid":{"rendered":"https:\/\/fisialpicentrali.it\/cms\/?p=330"},"modified":"2012-07-12T07:07:50","modified_gmt":"2012-07-12T05:07:50","slug":"lo-sci-club-guastalla-in-favore-delle-popolazioni-colpite-dal-sisma-anche-voi-potete-collaborare","status":"publish","type":"post","link":"https:\/\/comitati.fisi.org\/alpi-centrali\/blog\/2012\/07\/12\/lo-sci-club-guastalla-in-favore-delle-popolazioni-colpite-dal-sisma-anche-voi-potete-collaborare\/","title":{"rendered":"Lo Sci Club Guastalla in favore delle popolazioni colpite dal sisma. Anche voi potete collaborare!"},"content":{"rendered":"<p><a href=\"http:\/\/comitati.fisi.org\/alpi-centrali\/wp-content\/uploads\/sites\/25\/2012\/08\/logo-fisi-alpi-centrali.png\"><img loading=\"lazy\" decoding=\"async\" class=\"wp-image-232 alignleft\" title=\"logo-fisi-alpi-centrali\" src=\"http:\/\/comitati.fisi.org\/alpi-centrali\/wp-content\/uploads\/sites\/25\/2012\/08\/logo-fisi-alpi-centrali-150x138.png\" alt=\"\" width=\"150\" height=\"138\" \/><\/a><\/p>\n<p style=\"text-align: left\">F.I.S.I. COMITATO<br \/>\nALPI CENTRALI<\/p>\n<p style=\"text-align: left\">COMUNICATO STAMPA<br \/>\n12 Luglio 2012<\/p>\n<p>&nbsp;<\/p>\n<p style=\"text-align: center\"><strong>Lo Sci Club Guastalla in primo piano in favore delle popolazioni colpite dall\u2019evento sismico<\/strong><\/p>\n<p style=\"text-align: justify\">Con la filosofia che contraddistingue l\u2019associazione, che ogni anno destina parte delle proprie risorse per iniziative a sostegno del territorio (ricordiamo gli interventi alle scuole, autismo, ecc).<\/p>\n<p style=\"text-align: justify\">Quest\u2019anno lo Sci Club ha deciso di intervenire a favore delle famiglie e delle imprese del loro territorio coinvolte nell\u2019evento sismico.<\/p>\n<p style=\"text-align: justify\">Pertanto, grazie ai contributi delle aziende partner ed una raccolta fondi tra i soci, nei giorni scorsi sono stati consegnati al campo della Protezione Civile di Reggiolo due pallets di bevande e succhi per alleviare la sofferenza di chi vive in tenda con le impegnative temperature di questo periodo.<\/p>\n<p style=\"text-align: justify\">Nei prossimi giorni inoltre procederanno anche all\u2019acquisto di circa 100 pezzi di Parmigiano Reggiano presso la Latteria Tullia di Reggiolo, uno dei caseifici maggiormente danneggiati dal sisma.<\/p>\n<p style=\"text-align: justify\">I prodotti verranno poi successivamente distribuiti ad aziende, societ\u00e0 e partner cercando di sensibilizzare ognuno affinch\u00e9 si possa ampliare la catena di solidariet\u00e0 gi\u00e0 messa in moto.<\/p>\n<p style=\"text-align: justify\">\u201c<em>Il progetto solidale annuale <\/em>\u2013 dichiara la neo presidente Monica della Salda \u2013 <em>rimarca le idee gi\u00e0 impostate da Carlo Rodolfi, con le quali si vuole non solo pensare allo sport e a chi lo pratica ma un doveroso pensiero \u00e8 giusto rivolgerlo a coloro che sono in difficolt\u00e0<\/em>\u201d.<\/p>\n<p style=\"text-align: justify\">Lo Sci Club si far\u00e0 poi promotore anche di una iniziativa di acquisto solidale sempre di Parmigiano Reggiano.<\/p>\n<p style=\"text-align: justify\">Se siete interessati all\u2019iniziativa e comunque per eventuali informazioni potete rivolgervi direttamente a info@sciclubguastalla.it<\/p>\n","protected":false},"excerpt":{"rendered":"<p>F.I.S.I. COMITATO ALPI CENTRALI COMUNICATO STAMPA 12 Luglio 2012 &nbsp; Lo Sci Club Guastalla in primo piano in favore delle popolazioni colpite dall\u2019evento sismico Con la filosofia che contraddistingue l\u2019associazione, che ogni anno destina parte delle proprie risorse per iniziative a sostegno del territorio (ricordiamo gli interventi alle scuole, autismo, ecc). Quest\u2019anno lo Sci Club ha deciso di intervenire a&hellip;<\/p>\n","protected":false},"author":4,"featured_media":333,"comment_status":"open","ping_status":"open","sticky":false,"template":"","format":"standard","meta":{"_acf_changed":false,"footnotes":""},"categories":[9,10],"tags":[],"acf":[],"_links":{"self":[{"href":"https:\/\/comitati.fisi.org\/alpi-centrali\/wp-json\/wp\/v2\/posts\/330"}],"collection":[{"href":"https:\/\/comitati.fisi.org\/alpi-centrali\/wp-json\/wp\/v2\/posts"}],"about":[{"href":"https:\/\/comitati.fisi.org\/alpi-centrali\/wp-json\/wp\/v2\/types\/post"}],"author":[{"embeddable":true,"href":"https:\/\/comitati.fisi.org\/alpi-centrali\/wp-json\/wp\/v2\/users\/4"}],"replies":[{"embeddable":true,"href":"https:\/\/comitati.fisi.org\/alpi-centrali\/wp-json\/wp\/v2\/comments?post=330"}],"version-history":[{"count":0,"href":"https:\/\/comitati.fisi.org\/alpi-centrali\/wp-json\/wp\/v2\/posts\/330\/revisions"}],"wp:featuredmedia":[{"embeddable":true,"href":"https:\/\/comitati.fisi.org\/alpi-centrali\/wp-json\/wp\/v2\/media\/333"}],"wp:attachment":[{"href":"https:\/\/comitati.fisi.org\/alpi-centrali\/wp-json\/wp\/v2\/media?parent=330"}],"wp:term":[{"taxonomy":"category","embeddable":true,"href":"https:\/\/comitati.fisi.org\/alpi-centrali\/wp-json\/wp\/v2\/categories?post=330"},{"taxonomy":"post_tag","embeddable":true,"href":"https:\/\/comitati.fisi.org\/alpi-centrali\/wp-json\/wp\/v2\/tags?post=330"}],"curies":[{"name":"wp","href":"https:\/\/api.w.org\/{rel}","templated":true}]}}