{"id":321,"date":"2012-07-12T16:39:12","date_gmt":"2012-07-12T14:39:12","guid":{"rendered":"https:\/\/fisialpicentrali.it\/cms\/?p=321"},"modified":"2012-07-12T16:39:12","modified_gmt":"2012-07-12T14:39:12","slug":"le-attivita-del-comitato-stanno-procedendo","status":"publish","type":"post","link":"https:\/\/comitati.fisi.org\/alpi-centrali\/blog\/2012\/07\/12\/le-attivita-del-comitato-stanno-procedendo\/","title":{"rendered":"Le attivit\u00e0 del Comitato stanno procedendo"},"content":{"rendered":"<p><a href=\"http:\/\/comitati.fisi.org\/alpi-centrali\/wp-content\/uploads\/sites\/25\/2012\/08\/logo-fisi-alpi-centrali.png\"><img loading=\"lazy\" decoding=\"async\" class=\"wp-image-232 alignleft\" title=\"logo-fisi-alpi-centrali\" src=\"http:\/\/comitati.fisi.org\/alpi-centrali\/wp-content\/uploads\/sites\/25\/2012\/08\/logo-fisi-alpi-centrali-150x138.png\" alt=\"\" width=\"150\" height=\"138\" \/><\/a><\/p>\n<p style=\"text-align: left\">F.I.S.I. COMITATO<br \/>\nALPI CENTRALI<\/p>\n<p style=\"text-align: left\">COMUNICATO STAMPA<br \/>\n12 Luglio 2012<\/p>\n<p>&nbsp;<\/p>\n<p><strong>Cari Amici<\/strong>,<\/p>\n<p><strong>sentendo l\u2019esigenza di informarvi sulle attivit\u00e0 del Comitato, vi invio queste note<\/strong>.<\/p>\n<p style=\"text-align: justify\">All\u2019assemblea del 30 giugno avete eletto un Consiglio in cui nuovi e motivati elementi si uniscono ad esperti consiglieri e sar\u00e0 mio impegno principale creare le condizioni di una proficua collaborazione che, in questi 2 anni scarsi, riporti le Alpi Centrali a svolgere quel ruolo che le spetta e non solo per il numero dei tesserati ma continuando a fornire alla Federazione atleti, tecnici, volontari e dirigenti come sempre successo.<\/p>\n<p>Ci\u00f2 sar\u00e0 possibile solo con la vostra collaborazione, sapendo quanto gi\u00e0 fate nelle vostre societ\u00e0.<em><br \/>\n<\/em><\/p>\n<p><em><span style=\"text-decoration: underline\">Ora alcune notizie<\/span><\/em><span style=\"text-decoration: underline\">:<\/span><\/p>\n<ul>\n<li style=\"text-align: justify\">Il 5 luglio il Consiglio Regionale si \u00e8 riunito per eleggere l\u2019Ufficio di Presidenza ed assegnare gli incarichi in un clima di collaborazione e condivisione delle scelte fatte; potete trovare i dettagli nel comunicato stampa pubblicato nella sezione News in data 06.07.12. Permettetemi qui di augurare a Giusy Moro, rieletta vicepresidente, una pronta guarigione ed un sollecito ritorno tra noi con le sue capacit\u00e0 e voglia di fare. Anche a Claudio Pedrazzini, neo segretario, l\u2019augurio di un proficuo lavoro mettendoci a disposizione le sue capacit\u00e0 professionali e l\u2019esperienza gestionale in campo sportivo a soddisfazione delle nostre esigenze ed a supporto della nostra segreteria operativa.<\/li>\n<\/ul>\n<ul>\n<li style=\"text-align: justify\">Il 7 luglio sul sito on-line di \u201cFondoitalia\u201d \u00e8 comparso un editoriale a firma del suo direttore in cui si fanno affermazioni che ho ritenuto immotivate e gratuite cui ho replicato con una nota che potete trovare sempre nella sezione News prima citata; fatto salvo il diritto di cronaca e di critica del giornalista, non posso accettare che ci si esprima cos\u00ec nei nostri confronti, e questo, assolutamente, senza voler innescare gratuite e fastidiose polemiche ma con la pretesa che ci si lasci lavorare.<\/li>\n<\/ul>\n<ul>\n<li style=\"text-align: justify\">Da molti mesi (novembre 2011 prima e febbraio 2012 poi) il sito ufficiale del Comitato non \u00e8 pi\u00f9 purtroppo disponibile e solo grazie all\u2019intervento della segreteria riusciamo a pubblicare le notizie indispensabili alle nostre attivit\u00e0: \u00e8 una situazione che giudico inaccettabile per la nostra immagine e per la necessit\u00e0 di ridare al pi\u00f9 presto visibilit\u00e0 alle Alpi Centrali ed a chi ci sostiene; ho gi\u00e0 dato corso alle necessarie attivit\u00e0 per un sollecito ripristino con una riprogettazione del layout che lo renda se possibile pi\u00f9 attraente e ristabilisca tra noi l\u2019indispensabile canale di comunicazione<\/li>\n<\/ul>\n<ul>\n<li style=\"text-align: justify\">Domani venerd\u00ec 13 luglio \u00e8 convocata a Milano la Consulta Nazionale dei Presidenti Regionali, per le A.C. presenzieranno il nostro V.P. Vicario Franco Zecchini e il segretario Claudio Pedrazzini che ci relazioneranno poi sui lavori svolti.<\/li>\n<\/ul>\n<ul>\n<li style=\"text-align: justify\">Le due principali Commissioni Sci Alpino e Sci Nordico sono gi\u00e0 al lavoro. Ieri mercoled\u00ec 11 luglio si \u00e8 riunito lo Sci Nordico e sabato 14 luglio sar\u00e0 la volta dello Sci Alpino. Appena disponibili pubblicheremo i verbali delle relative Commissioni. Nel frattempo anche a livello Nazionale si \u00e8 riunita la Commissione Snowboard, lo scorso Venerd\u00ec 7 luglio a cui ha preso parte il Consigliere Responsabile Luca Doleni<\/li>\n<\/ul>\n<ul>\n<li style=\"text-align: justify\">Entro la fine del mese verr\u00e0 convocato l\u2019U.P. ed il C.R. per una prima verifica di quanto in corso e per verificare le attivit\u00e0 delle squadre, con particolare attenzione anche alle convocazioni dei nostri atleti inseriti nel progetto federale \u201cFuturFISI\u201d<\/li>\n<\/ul>\n<ul style=\"text-align: justify\">\n<li>E\u2019 mia intenzione stabilire con voi tutti un canale di comunicazione immediata attraverso il sito, ma gi\u00e0 da ora potete farmi avere vostre osservazioni e\/o richieste all\u2019indirizzo e-mail del Comitato inviandole alla mia attenzione<\/li>\n<\/ul>\n<ul>\n<li style=\"text-align: justify\">I nostri uffici si prenderanno un periodo di pausa in agosto, e di questo sar\u00e0 nostra cura comunicare sempre tramite il sito il periodo di chiusura ed eventuali nuovi orari estivi; ci\u00f2 anche per permettere alle nostre due \u201cragazze\u201d di prendersi un po\u2019 di riposo e ritemprarsi pronte per gli impegni dell\u2019imminente stagione.<\/li>\n<\/ul>\n<p>Anche a tutti noi l\u2019augurio di un po\u2019 di riposo con l\u2019invito a mantenere viva l\u2019attenzione e a produrre idee che ci permettano di riprendere \u201calla grande\u201d.<\/p>\n<p>A presto, Carmelo<\/p>\n<p>&nbsp;<\/p>\n<div align=\"center\"><strong>Comitato Regionale Alpi Centrali<\/strong><\/div>\n<div align=\"center\">20137 MILANO \u2013 Via Piranesi, 46 \u2013 Tel.02.76110112 \/ 02.76110308 \u2013 Fax 02.70100081<\/div>\n<div align=\"center\">Mail: <a href=\"crac@fisi.org\" target=\"_blank\" rel=\"noopener\">crac@fisi.org<\/a> \u2013 Web:<a href=\" www.fisialpicentrali.it\" target=\"_blank\" rel=\"noopener\"> www.fisialpicentrali.it<\/a><\/div>\n","protected":false},"excerpt":{"rendered":"<p>F.I.S.I. COMITATO ALPI CENTRALI COMUNICATO STAMPA 12 Luglio 2012 &nbsp; Cari Amici, sentendo l\u2019esigenza di informarvi sulle attivit\u00e0 del Comitato, vi invio queste note. All\u2019assemblea del 30 giugno avete eletto un Consiglio in cui nuovi e motivati elementi si uniscono ad esperti consiglieri e sar\u00e0 mio impegno principale creare le condizioni di una proficua collaborazione che, in questi 2 anni&hellip;<\/p>\n","protected":false},"author":4,"featured_media":0,"comment_status":"open","ping_status":"open","sticky":false,"template":"","format":"standard","meta":{"_acf_changed":false,"footnotes":""},"categories":[10],"tags":[],"acf":[],"_links":{"self":[{"href":"https:\/\/comitati.fisi.org\/alpi-centrali\/wp-json\/wp\/v2\/posts\/321"}],"collection":[{"href":"https:\/\/comitati.fisi.org\/alpi-centrali\/wp-json\/wp\/v2\/posts"}],"about":[{"href":"https:\/\/comitati.fisi.org\/alpi-centrali\/wp-json\/wp\/v2\/types\/post"}],"author":[{"embeddable":true,"href":"https:\/\/comitati.fisi.org\/alpi-centrali\/wp-json\/wp\/v2\/users\/4"}],"replies":[{"embeddable":true,"href":"https:\/\/comitati.fisi.org\/alpi-centrali\/wp-json\/wp\/v2\/comments?post=321"}],"version-history":[{"count":0,"href":"https:\/\/comitati.fisi.org\/alpi-centrali\/wp-json\/wp\/v2\/posts\/321\/revisions"}],"wp:attachment":[{"href":"https:\/\/comitati.fisi.org\/alpi-centrali\/wp-json\/wp\/v2\/media?parent=321"}],"wp:term":[{"taxonomy":"category","embeddable":true,"href":"https:\/\/comitati.fisi.org\/alpi-centrali\/wp-json\/wp\/v2\/categories?post=321"},{"taxonomy":"post_tag","embeddable":true,"href":"https:\/\/comitati.fisi.org\/alpi-centrali\/wp-json\/wp\/v2\/tags?post=321"}],"curies":[{"name":"wp","href":"https:\/\/api.w.org\/{rel}","templated":true}]}}