{"id":307,"date":"2012-07-31T03:36:26","date_gmt":"2012-07-31T01:36:26","guid":{"rendered":"https:\/\/fisialpicentrali.it\/cms\/?p=307"},"modified":"2012-07-31T03:36:26","modified_gmt":"2012-07-31T01:36:26","slug":"commissioni-prove-alpine","status":"publish","type":"post","link":"https:\/\/comitati.fisi.org\/alpi-centrali\/blog\/2012\/07\/31\/commissioni-prove-alpine\/","title":{"rendered":"Lo scorso 25 Luglio si \u00e8 riunita la Commissione Prove Alpine &#8230;"},"content":{"rendered":"<p><a href=\"http:\/\/comitati.fisi.org\/alpi-centrali\/wp-content\/uploads\/sites\/25\/2012\/08\/logo-fisi-alpi-centrali.png\"><img loading=\"lazy\" decoding=\"async\" class=\"wp-image-232 alignleft\" title=\"logo-fisi-alpi-centrali\" src=\"http:\/\/comitati.fisi.org\/alpi-centrali\/wp-content\/uploads\/sites\/25\/2012\/08\/logo-fisi-alpi-centrali-150x138.png\" alt=\"\" width=\"150\" height=\"138\" \/><\/a><\/p>\n<p style=\"text-align: left\">F.I.S.I. COMITATO<br \/>\nALPI CENTRALI<\/p>\n<p style=\"text-align: left\">COMUNICATO STAMPA<br \/>\n31 Luglio 2012<\/p>\n<p>&nbsp;<\/p>\n<h2 align=\"center\"><strong>Commissioni Prove Alpine<\/strong><\/h2>\n<p align=\"center\"><strong>\u00a0<\/strong><\/p>\n<p style=\"text-align: justify\">Come gi\u00e0 accennato precedentemente, si \u00e8 tenuta lo scorso gioved\u00ec 25 luglio la Commissione Prove Alpine aperta ai Responsabili Provinciali Alpino, Cittadini e Master; presenti 9 province su 13.<\/p>\n<p style=\"text-align: justify\">L\u2019incontro \u00e8 stato molto interessante e sono stati affrontati diversi argomenti.<\/p>\n<p style=\"text-align: justify\">Si \u00e8 incominciati da subito con la <strong>cat. Master<\/strong>, a seguito di quanto emerso anche durante la stagione appena conclusa, con la responsabile Licia Arsuffi si \u00e8 deciso che si valuteranno le nuove proposte e i regolamenti che verranno adottati della commissione nazionale nei prossimi giorni e ci si ritrover\u00e0 a settembre per decidere come muoversi in regione.<\/p>\n<p style=\"text-align: justify\">Dai Master ai <strong>Cittadini<\/strong>, il nuovo responsabile regionale Fabrizio Ranisi, vorrebbe assolutamente rivedere le modalit\u00e0 di iscrizioni alle gare FIS_CIT, soprattutto per quanto riguarda le tempistiche cercando di dare agli allenatori delle regole ben precise ma che vengano assolutamente rispettate.<\/p>\n<p style=\"text-align: justify\">A livello generale di Sci Alpino, parecchi gli argomenti trattati:<em><br \/>\n<\/em><\/p>\n<p style=\"text-align: justify\"><strong><em><span style=\"text-decoration: underline\">Gare Children \u2013 cat.Ragazzi gare SL<\/span><\/em><\/strong><\/p>\n<p style=\"text-align: justify\">Verr\u00e0 data facolt\u00e0 ai CP di considerare le gare di Slalom in due manche come se fossero due gare nello stesso giorno, pertanto tutti gli atleti che parteciperanno alla prima manche\/gara, potranno prendere parte anche alla seconda manche\/gara, compreso eventuali Squalificati o Non Arrivati. Non ci saranno assolutamente aumenti di costi nelle iscrizioni. La gara sar\u00e0 considerata unica e pertanto anche il costo dell\u2019iscrizione.<em><br \/>\n<\/em><\/p>\n<p style=\"text-align: justify\"><strong><em><span style=\"text-decoration: underline\">Calendario Regionale Istituzionale<\/span><\/em><\/strong><\/p>\n<p style=\"text-align: justify\">Sono state fissate le date delle gare Indicative, dei Campionati Regionali Pulcini e dei Camp. Regionali Children che anche quest\u2019anno, visto purtroppo il fittissimo calendario nazionale saranno in unica data assieme ragazzi ed allievi.<em><br \/>\n<\/em><\/p>\n<p style=\"text-align: justify\"><strong><em><span style=\"text-decoration: underline\">Gruppi di Merito e Contingenti<\/span><\/em><\/strong><\/p>\n<p style=\"text-align: justify\">Sono stati elaborati i nuovi Contingenti e Gruppi di Merito per la nuova stagione per le gare Children<em><br \/>\n<\/em><\/p>\n<p style=\"text-align: justify\"><strong><em><span style=\"text-decoration: underline\">Calendari Regionali 2012\/13<\/span><\/em><\/strong><\/p>\n<p style=\"text-align: justify\">Le societ\u00e0 dovranno inviare ai propri CP i moduli per le richieste delle gare per la nuova stagione entro il prossimo 10 Settembre. La riunione per la stesura di calendario si terr\u00e0 a Bergamo il prossimo 22 Settembre.<em><br \/>\n<\/em><\/p>\n<p style=\"text-align: justify\"><strong><em><span style=\"text-decoration: underline\">Nuovi Campionati Regionali Pulcini<\/span><\/em><\/strong><\/p>\n<p style=\"text-align: justify\">E da ultimo, ma assolutamente la notizia forse pi\u00f9 importante, \u00e8 stato approvato il nuovo regolamento per l\u2019organizzazione dei Campionati Regionali Cuccioli e Baby.<\/p>\n<p style=\"text-align: justify\">Non saranno pi\u00f9 200 gli atleti, tra maschi e femmine, che potranno partecipare alle gare in questione, ma bens\u00ec quasi il doppio.<\/p>\n<p style=\"text-align: justify\">Le giornate di gara saranno due, al Gigante infatti verr\u00e0 affiancato anche lo Slalom e verranno assegnati i titoli di Campione Regionale per anno di nascita e non pi\u00f9 per categoria; i Campioni Regionali saranno ben 8, 4 maschi e 4 femmine, per entrambe le specialit\u00e0.<\/p>\n<p style=\"text-align: justify\">Una manifestazione che vedr\u00e0 tra i principali protagonisti proprio i bambini con una parola d\u2019ordine sopra tutte: <span style=\"text-decoration: underline\"><em><strong>Divertimento.<\/strong><\/em><\/span><\/p>\n<div><\/div>\n<div><\/div>\n<div align=\"center\"><strong>Comitato Regionale Alpi Centrali<\/strong><\/div>\n<div align=\"center\">20137 MILANO \u2013 Via Piranesi, 46 \u2013 Tel.02.76110112 \/ 02.76110308 \u2013 Fax 02.70100081<\/div>\n<div align=\"center\">Mail: <a href=\"crac@fisi.org\" target=\"_blank\" rel=\"noopener\">crac@fisi.org<\/a> \u2013 Web:<a href=\" www.fisialpicentrali.it\" target=\"_blank\" rel=\"noopener\"> www.fisialpicentrali.it<\/a><\/div>\n","protected":false},"excerpt":{"rendered":"<p>F.I.S.I. COMITATO ALPI CENTRALI COMUNICATO STAMPA 31 Luglio 2012 &nbsp; Commissioni Prove Alpine \u00a0 Come gi\u00e0 accennato precedentemente, si \u00e8 tenuta lo scorso gioved\u00ec 25 luglio la Commissione Prove Alpine aperta ai Responsabili Provinciali Alpino, Cittadini e Master; presenti 9 province su 13. L\u2019incontro \u00e8 stato molto interessante e sono stati affrontati diversi argomenti. Si \u00e8 incominciati da subito con&hellip;<\/p>\n","protected":false},"author":4,"featured_media":0,"comment_status":"open","ping_status":"open","sticky":false,"template":"","format":"standard","meta":{"_acf_changed":false,"footnotes":""},"categories":[10,11],"tags":[],"acf":[],"_links":{"self":[{"href":"https:\/\/comitati.fisi.org\/alpi-centrali\/wp-json\/wp\/v2\/posts\/307"}],"collection":[{"href":"https:\/\/comitati.fisi.org\/alpi-centrali\/wp-json\/wp\/v2\/posts"}],"about":[{"href":"https:\/\/comitati.fisi.org\/alpi-centrali\/wp-json\/wp\/v2\/types\/post"}],"author":[{"embeddable":true,"href":"https:\/\/comitati.fisi.org\/alpi-centrali\/wp-json\/wp\/v2\/users\/4"}],"replies":[{"embeddable":true,"href":"https:\/\/comitati.fisi.org\/alpi-centrali\/wp-json\/wp\/v2\/comments?post=307"}],"version-history":[{"count":0,"href":"https:\/\/comitati.fisi.org\/alpi-centrali\/wp-json\/wp\/v2\/posts\/307\/revisions"}],"wp:attachment":[{"href":"https:\/\/comitati.fisi.org\/alpi-centrali\/wp-json\/wp\/v2\/media?parent=307"}],"wp:term":[{"taxonomy":"category","embeddable":true,"href":"https:\/\/comitati.fisi.org\/alpi-centrali\/wp-json\/wp\/v2\/categories?post=307"},{"taxonomy":"post_tag","embeddable":true,"href":"https:\/\/comitati.fisi.org\/alpi-centrali\/wp-json\/wp\/v2\/tags?post=307"}],"curies":[{"name":"wp","href":"https:\/\/api.w.org\/{rel}","templated":true}]}}