{"id":1663,"date":"2012-09-21T21:28:37","date_gmt":"2012-09-21T19:28:37","guid":{"rendered":"https:\/\/www.fisialpicentrali.it\/cms\/?p=1663"},"modified":"2012-09-21T21:28:37","modified_gmt":"2012-09-21T19:28:37","slug":"2192012-fisi-in-lutto-per-la-scomparsa-dellex-presidente-arrigo-gattai","status":"publish","type":"post","link":"https:\/\/comitati.fisi.org\/alpi-centrali\/blog\/2012\/09\/21\/2192012-fisi-in-lutto-per-la-scomparsa-dellex-presidente-arrigo-gattai\/","title":{"rendered":"Fisi in lutto per la scomparsa dell&#8217;ex Presidente Arrigo Gattai"},"content":{"rendered":"<p>Lo sport italiano piange la scomparsa di Arrigo Gattai. L&#8217;ex dirigente sportivo \u00e8 morto oggi nella sua casa di Milano: era stato Presidente della Federazione Italiana Sport Invernali dal 1976 al 1987 e Presidente del Comitato Olimpico Nazionale Italiano dal 1987 al 1993.<\/p>\n<p>Il Presidente del Coni, Giovanni Petrucci, ha invitato le Federazioni Sportive Nazionali, le Discipline Sportive Associate e gli Enti di Promozione Sportiva a far osservare un minuto di silenzio in occasione di tutte le manifestazioni sportive che si disputeranno in Italia a partire da stasera e per tutto il weekend, per onorarne la memoria.<\/p>\n<p>Arrigo Gattai, nato a Milano il 17 aprile 1928, nel 1949 si \u00e8 laureato in Giurispudenza. Avvocato civilista \u00e8 stato consigliere dell&#8217;Inter dal 1955 al 1968 e nel frattempo ha svolto numerosi incarichi legali nella Federazione Italiana Sport Invernali. Dopo aver ricoperto ruoli dirigenziali nelle commissioni federali e nel Comitato Alpi Centrali\u00a0 \u00e8 stato eletto Presidente della FISI il 18 giugno 1976. Nel 1977 \u00e8 entrato a far parte della Giunta Esecutiva diventando l&#8217;anno successivo Vice Presidente del CONI. Nel 1987 \u00e8 stato eletto per la prima volta Presidente del Comitato Olimpico Nazionale Italiano confermato nel 1989, ha lasciato l&#8217;incarico il 30 giugno 1993.<\/p>\n<p>Era padre di Bruno, apprezzato telecronista dello sci e campione italiano di discesa libera nel 1978.<\/p>\n<p>Il Presidente del Comitato Alpi Centrali, Carmelo Ghilardi, il Consiglio, gli atleti, i tecnici e tutto lo staff del Comitato sono vicini alla famiglia Gattai in questo triste momento.<\/p>\n","protected":false},"excerpt":{"rendered":"<p>Lo sport italiano piange la scomparsa di Arrigo Gattai. L&#8217;ex dirigente sportivo \u00e8 morto oggi nella sua casa di Milano: era stato Presidente della Federazione Italiana Sport Invernali dal 1976 al 1987 e Presidente del Comitato Olimpico Nazionale Italiano dal 1987 al 1993. Il Presidente del Coni, Giovanni Petrucci, ha invitato le Federazioni Sportive Nazionali, le Discipline Sportive Associate e&hellip;<\/p>\n","protected":false},"author":4,"featured_media":1669,"comment_status":"closed","ping_status":"open","sticky":false,"template":"","format":"standard","meta":{"_acf_changed":false,"footnotes":""},"categories":[9,10],"tags":[],"acf":[],"_links":{"self":[{"href":"https:\/\/comitati.fisi.org\/alpi-centrali\/wp-json\/wp\/v2\/posts\/1663"}],"collection":[{"href":"https:\/\/comitati.fisi.org\/alpi-centrali\/wp-json\/wp\/v2\/posts"}],"about":[{"href":"https:\/\/comitati.fisi.org\/alpi-centrali\/wp-json\/wp\/v2\/types\/post"}],"author":[{"embeddable":true,"href":"https:\/\/comitati.fisi.org\/alpi-centrali\/wp-json\/wp\/v2\/users\/4"}],"replies":[{"embeddable":true,"href":"https:\/\/comitati.fisi.org\/alpi-centrali\/wp-json\/wp\/v2\/comments?post=1663"}],"version-history":[{"count":0,"href":"https:\/\/comitati.fisi.org\/alpi-centrali\/wp-json\/wp\/v2\/posts\/1663\/revisions"}],"wp:featuredmedia":[{"embeddable":true,"href":"https:\/\/comitati.fisi.org\/alpi-centrali\/wp-json\/wp\/v2\/media\/1669"}],"wp:attachment":[{"href":"https:\/\/comitati.fisi.org\/alpi-centrali\/wp-json\/wp\/v2\/media?parent=1663"}],"wp:term":[{"taxonomy":"category","embeddable":true,"href":"https:\/\/comitati.fisi.org\/alpi-centrali\/wp-json\/wp\/v2\/categories?post=1663"},{"taxonomy":"post_tag","embeddable":true,"href":"https:\/\/comitati.fisi.org\/alpi-centrali\/wp-json\/wp\/v2\/tags?post=1663"}],"curies":[{"name":"wp","href":"https:\/\/api.w.org\/{rel}","templated":true}]}}