{"id":1652,"date":"2012-09-21T12:17:56","date_gmt":"2012-09-21T10:17:56","guid":{"rendered":"https:\/\/www.fisialpicentrali.it\/cms\/?p=1652"},"modified":"2012-09-21T12:17:56","modified_gmt":"2012-09-21T10:17:56","slug":"ghezze-a-raceskimagazine-ottimo-lavoro-in-argentina","status":"publish","type":"post","link":"https:\/\/comitati.fisi.org\/alpi-centrali\/blog\/2012\/09\/21\/ghezze-a-raceskimagazine-ottimo-lavoro-in-argentina\/","title":{"rendered":"21\/9\/2012 &#8211; Ghezze a Raceskimagazine: ottimo lavoro in Argentina"},"content":{"rendered":"<p>E\u2019 soddisfatto Alberto Ghezze l\u2019allenatore del gruppo femminile di Coppa Europa da poco rientrato in Italia dopo la trasferta sudamericana di Ushuaia. In una lunga intervista al sito\u00a0\u00a0internet\u00a0<a href=\"https:\/\/www.raceskimagazine.it\/\">www.raceskimagazine.it<\/a>\u00a0coach Ghezze elogia il lavoro svolto da tutto lo staff, e dagli ski man e, soprattutto da tutte le ragazze. Fra queste, anche le nostre ex atlete: Michela Azzola, Marta Benzoni, Alessia Medetti e Nicole Agnelli. In particolar modo Ghezze elegia lo stato di forma delle nostre ragazze affermando \u201cbene in slalom Michela Azzola spesso davanti, anche Marta Benzoni sta crescendo e lo sta facendo anche in gigante. Marta ha avuto solo un problema al piede nel finale della trasferta per una contusione provocata da un calcio al pallone, ma nulla di grave. Poi c&#8217;\u00e8 Alessia Medetti, un po&#8217; addormentata ad inizio trasferta, ma nel finale \u00e8 riuscita a fare belle cose in tutte le discipline. Una bella sorpresa davvero \u00e8 stata la junior Nicole Agnelli, che \u00e8 cresciuta giorno dopo giorno. Adesso sar\u00e0 sempre aggregata alla B\u201d.<\/p>\n","protected":false},"excerpt":{"rendered":"<p>E\u2019 soddisfatto Alberto Ghezze l\u2019allenatore del gruppo femminile di Coppa Europa da poco rientrato in Italia dopo la trasferta sudamericana di Ushuaia. In una lunga intervista al sito\u00a0\u00a0internet\u00a0www.raceskimagazine.it\u00a0coach Ghezze elogia il lavoro svolto da tutto lo staff, e dagli ski man e, soprattutto da tutte le ragazze. Fra queste, anche le nostre ex atlete: Michela Azzola, Marta Benzoni, Alessia Medetti&hellip;<\/p>\n","protected":false},"author":4,"featured_media":1656,"comment_status":"closed","ping_status":"open","sticky":false,"template":"","format":"standard","meta":{"_acf_changed":false,"footnotes":""},"categories":[9,10,11],"tags":[],"acf":[],"_links":{"self":[{"href":"https:\/\/comitati.fisi.org\/alpi-centrali\/wp-json\/wp\/v2\/posts\/1652"}],"collection":[{"href":"https:\/\/comitati.fisi.org\/alpi-centrali\/wp-json\/wp\/v2\/posts"}],"about":[{"href":"https:\/\/comitati.fisi.org\/alpi-centrali\/wp-json\/wp\/v2\/types\/post"}],"author":[{"embeddable":true,"href":"https:\/\/comitati.fisi.org\/alpi-centrali\/wp-json\/wp\/v2\/users\/4"}],"replies":[{"embeddable":true,"href":"https:\/\/comitati.fisi.org\/alpi-centrali\/wp-json\/wp\/v2\/comments?post=1652"}],"version-history":[{"count":0,"href":"https:\/\/comitati.fisi.org\/alpi-centrali\/wp-json\/wp\/v2\/posts\/1652\/revisions"}],"wp:featuredmedia":[{"embeddable":true,"href":"https:\/\/comitati.fisi.org\/alpi-centrali\/wp-json\/wp\/v2\/media\/1656"}],"wp:attachment":[{"href":"https:\/\/comitati.fisi.org\/alpi-centrali\/wp-json\/wp\/v2\/media?parent=1652"}],"wp:term":[{"taxonomy":"category","embeddable":true,"href":"https:\/\/comitati.fisi.org\/alpi-centrali\/wp-json\/wp\/v2\/categories?post=1652"},{"taxonomy":"post_tag","embeddable":true,"href":"https:\/\/comitati.fisi.org\/alpi-centrali\/wp-json\/wp\/v2\/tags?post=1652"}],"curies":[{"name":"wp","href":"https:\/\/api.w.org\/{rel}","templated":true}]}}