{"id":1589085,"date":"2026-03-09T08:02:59","date_gmt":"2026-03-09T08:02:59","guid":{"rendered":"https:\/\/comitati.fisi.org\/alpi-centrali\/?p=1589085"},"modified":"2026-03-09T08:03:00","modified_gmt":"2026-03-09T08:03:00","slug":"snowboard-cross-coppa-italia-giovani-aspiranti-sabato-7-domenica-8-val-di-fassa-doppietta-per-samuel-zinicola","status":"publish","type":"post","link":"https:\/\/comitati.fisi.org\/alpi-centrali\/blog\/2026\/03\/09\/snowboard-cross-coppa-italia-giovani-aspiranti-sabato-7-domenica-8-val-di-fassa-doppietta-per-samuel-zinicola\/","title":{"rendered":"Snowboard Cross | Coppa Italia | Giovani-Aspiranti | Sabato 7-Domenica 8 | Val di Fassa: Doppietta per Samuel Zinicola"},"content":{"rendered":"\n<p>La squadra di snowboardcross \u00e8 stata protagonista di un fine settimana intenso in Coppa Italia, con due giornate di gare che hanno messo in evidenza solidit\u00e0 e continuit\u00e0 del gruppo in Val di Fassa.<\/p>\n\n\n\n<p>Tra i Giovani maschili \u00e8 arrivato il successo di <strong>Samuel Zinicola<\/strong>, capace di imporsi con decisione in <strong>1\u00b0 posizione<\/strong>. Nella giornata di sabato, gli Aspiranti maschili hanno festeggiato il <strong>2\u00b0 posto di Michele Ratti<\/strong>, autore di una prova pulita e ben gestita, mentre <strong>Loris Airoldi<\/strong> ha completato il podio con un ottimo <strong>3\u00b0 posto<\/strong>.<\/p>\n\n\n\n<p>Domenica la squadra ha saputo ripetersi con la stessa intensit\u00e0. Nei Giovani maschili \u00e8 arrivata un\u2019altra vittoria di <strong>Samuel Zinicola<\/strong>, protagonista di un grande weekend. Negli Aspiranti maschili <strong>Cesare Mattei<\/strong> ha conquistato il <strong>2\u00b0 posto<\/strong> grazie a una manche ben interpretata. In campo femminile, molto bene <strong>Crystal Pievani<\/strong>, <strong>2\u00aa sia tra le Aspiranti sia tra le Giovani,<\/strong> a testimonianza di una crescita costante.<\/p>\n\n\n\n<figure class=\"wp-block-image size-large\"><img loading=\"lazy\" decoding=\"async\" width=\"1024\" height=\"768\" src=\"https:\/\/comitati.fisi.org\/alpi-centrali\/wp-content\/uploads\/sites\/25\/2026\/03\/a4-1024x768.jpg\" alt=\"\" class=\"wp-image-1589087\" srcset=\"https:\/\/comitati.fisi.org\/alpi-centrali\/wp-content\/uploads\/sites\/25\/2026\/03\/a4-1024x768.jpg 1024w, https:\/\/comitati.fisi.org\/alpi-centrali\/wp-content\/uploads\/sites\/25\/2026\/03\/a4-300x225.jpg 300w, https:\/\/comitati.fisi.org\/alpi-centrali\/wp-content\/uploads\/sites\/25\/2026\/03\/a4-768x576.jpg 768w, https:\/\/comitati.fisi.org\/alpi-centrali\/wp-content\/uploads\/sites\/25\/2026\/03\/a4.jpg 1280w\" sizes=\"(max-width: 1024px) 100vw, 1024px\" \/><\/figure>\n\n\n\n<figure class=\"wp-block-image size-large is-resized\"><img loading=\"lazy\" decoding=\"async\" width=\"768\" height=\"1024\" src=\"https:\/\/comitati.fisi.org\/alpi-centrali\/wp-content\/uploads\/sites\/25\/2026\/03\/a2-768x1024.jpg\" alt=\"\" class=\"wp-image-1589088\" style=\"width:840px;height:auto\" srcset=\"https:\/\/comitati.fisi.org\/alpi-centrali\/wp-content\/uploads\/sites\/25\/2026\/03\/a2-768x1024.jpg 768w, https:\/\/comitati.fisi.org\/alpi-centrali\/wp-content\/uploads\/sites\/25\/2026\/03\/a2-225x300.jpg 225w, https:\/\/comitati.fisi.org\/alpi-centrali\/wp-content\/uploads\/sites\/25\/2026\/03\/a2.jpg 960w\" sizes=\"(max-width: 768px) 100vw, 768px\" \/><\/figure>\n\n\n\n<figure class=\"wp-block-image size-large\"><img loading=\"lazy\" decoding=\"async\" width=\"768\" height=\"1024\" src=\"https:\/\/comitati.fisi.org\/alpi-centrali\/wp-content\/uploads\/sites\/25\/2026\/03\/a3-768x1024.jpg\" alt=\"\" class=\"wp-image-1589089\" srcset=\"https:\/\/comitati.fisi.org\/alpi-centrali\/wp-content\/uploads\/sites\/25\/2026\/03\/a3-768x1024.jpg 768w, https:\/\/comitati.fisi.org\/alpi-centrali\/wp-content\/uploads\/sites\/25\/2026\/03\/a3-225x300.jpg 225w, https:\/\/comitati.fisi.org\/alpi-centrali\/wp-content\/uploads\/sites\/25\/2026\/03\/a3.jpg 960w\" sizes=\"(max-width: 768px) 100vw, 768px\" \/><\/figure>\n","protected":false},"excerpt":{"rendered":"<p>La squadra di snowboardcross \u00e8 stata protagonista di un fine settimana intenso in Coppa Italia, con due giornate di gare che hanno messo in evidenza solidit\u00e0 e continuit\u00e0 del gruppo in Val di Fassa. Tra i Giovani maschili \u00e8 arrivato il successo di Samuel Zinicola, capace di imporsi con decisione in 1\u00b0 posizione. Nella giornata di sabato, gli Aspiranti maschili&hellip;<\/p>\n","protected":false},"author":38,"featured_media":1589086,"comment_status":"open","ping_status":"open","sticky":false,"template":"","format":"standard","meta":{"_acf_changed":false,"footnotes":""},"categories":[4,10,5,14,8],"tags":[],"acf":[],"_links":{"self":[{"href":"https:\/\/comitati.fisi.org\/alpi-centrali\/wp-json\/wp\/v2\/posts\/1589085"}],"collection":[{"href":"https:\/\/comitati.fisi.org\/alpi-centrali\/wp-json\/wp\/v2\/posts"}],"about":[{"href":"https:\/\/comitati.fisi.org\/alpi-centrali\/wp-json\/wp\/v2\/types\/post"}],"author":[{"embeddable":true,"href":"https:\/\/comitati.fisi.org\/alpi-centrali\/wp-json\/wp\/v2\/users\/38"}],"replies":[{"embeddable":true,"href":"https:\/\/comitati.fisi.org\/alpi-centrali\/wp-json\/wp\/v2\/comments?post=1589085"}],"version-history":[{"count":1,"href":"https:\/\/comitati.fisi.org\/alpi-centrali\/wp-json\/wp\/v2\/posts\/1589085\/revisions"}],"predecessor-version":[{"id":1589090,"href":"https:\/\/comitati.fisi.org\/alpi-centrali\/wp-json\/wp\/v2\/posts\/1589085\/revisions\/1589090"}],"wp:featuredmedia":[{"embeddable":true,"href":"https:\/\/comitati.fisi.org\/alpi-centrali\/wp-json\/wp\/v2\/media\/1589086"}],"wp:attachment":[{"href":"https:\/\/comitati.fisi.org\/alpi-centrali\/wp-json\/wp\/v2\/media?parent=1589085"}],"wp:term":[{"taxonomy":"category","embeddable":true,"href":"https:\/\/comitati.fisi.org\/alpi-centrali\/wp-json\/wp\/v2\/categories?post=1589085"},{"taxonomy":"post_tag","embeddable":true,"href":"https:\/\/comitati.fisi.org\/alpi-centrali\/wp-json\/wp\/v2\/tags?post=1589085"}],"curies":[{"name":"wp","href":"https:\/\/api.w.org\/{rel}","templated":true}]}}