{"id":1589045,"date":"2026-03-08T19:00:27","date_gmt":"2026-03-08T19:00:27","guid":{"rendered":"https:\/\/comitati.fisi.org\/alpi-centrali\/?p=1589045"},"modified":"2026-03-08T19:00:29","modified_gmt":"2026-03-08T19:00:29","slug":"sci-alpino-campionati-regionali-day-3-slalom-gigante-baby-speciale-cuccioli-passo-del-tonale-i-risultati-degli-atleti","status":"publish","type":"post","link":"https:\/\/comitati.fisi.org\/alpi-centrali\/blog\/2026\/03\/08\/sci-alpino-campionati-regionali-day-3-slalom-gigante-baby-speciale-cuccioli-passo-del-tonale-i-risultati-degli-atleti\/","title":{"rendered":"Sci Alpino | Campionati Regionali | Day 3 | Slalom Gigante  Baby &#8211; Speciale Cuccioli | Passo del Tonale: i risultati degli atleti"},"content":{"rendered":"\n<p>Nella giornata di oggi si sono disputate le gare valide per i Campionati Regionali Pulcini , Baby impegnati  specialit\u00e0 Slalom Gigante, Cuccioli speciale. <\/p>\n\n\n\n<p>Nella <strong>U9 Baby 1 femminile<\/strong>, la gara ha visto il successo di Angelia Lazzeri, che ha conquistato il 1\u00b0 posto davanti a Irene Tentori, 2\u00aa, ed Emma Manganoni, 3\u00aa. Subito dietro, Sofia Radaelli ha chiuso 4\u00aa, mentre Gaia Moreschi ha ottenuto il 5\u00b0 posto.<\/p>\n\n\n\n<p>Nella prova dell&#8217; <strong>U9 Baby 1 maschile<\/strong> Giacomo Luchina \u00e8 l&#8217;autore del miglior tempo e 1\u00b0 classificato. Ennio Testa ha chiuso 2\u00b0, seguito da Francesco Martinelli al 3\u00b0. Kevin Cantoni ha ottenuto il 4\u00b0 posto, mentre Lorenzo Calzoni ha completato la top five in 5\u00aa posizione. <\/p>\n\n\n\n<p>Nella <strong>U10 Baby 2 femminile<\/strong>, la gara \u00e8 stata dominata da Noa Gheza, che ha conquistato il 1\u00b0 posto davanti a Gaia Gheza, 2\u00aa, e a Michela Sorlini, 3\u00aa. Martina Conti ha chiuso 4\u00aa e Ludovica Marmentini 5\u00aa.<\/p>\n\n\n\n<p>La <strong>U10 Baby 2 maschile<\/strong> ha visto la vittoria di Oscar Cecchini, autore di una buona prova che gli ha garantito il 1\u00b0 posto. Niccol\u00f2 Corrado D\u2019Alberto ha chiuso 2\u00b0, seguito da Giovanni Sironi al 3\u00b0. Mauro Ballis e Mattia Santus hanno completato la top five con il 4\u00b0 e 5\u00b0 posto rispettivamente, in una gara molto equilibrata.<\/p>\n\n\n\n<p>Nella c<strong>ategoria U11 maschile<\/strong>, la gara ha visto un gruppo AC compatto e competitivo. Il miglior tempo \u00e8 stato firmato da <strong>1\u00b0 Gabriele Spatti<\/strong>, seguito da <strong>2\u00b0 Edoardo Simoncelli<\/strong>, <strong>3\u00b0 Riccardo Casati<\/strong>, <strong>4\u00b0 Achille Gonella<\/strong> e <strong>5\u00b0 Leonardo Brivio<\/strong>.<\/p>\n\n\n\n<p>Nella <strong>categoria U12 femminile<\/strong> a guidare la classifica \u00e8 stata <strong>1\u00b0 Asia Lazzeri<\/strong>. Subito dietro, <strong>2\u00b0 Eva Palmaghini<\/strong> ha confermato il proprio valore con una prova regolare e ben gestita. Il podio \u00e8 stato completato da <strong>3\u00b0 Francesca Alessi<\/strong>, mentre <strong>4\u00b0 Lara Comoli<\/strong> e <strong>5\u00b0 Giulia Speranza<\/strong><\/p>\n\n\n\n<p>Tra gli<strong> U12 maschile<\/strong>, la prova \u00e8 stata caratterizzata da distacchi minimi e grande intensit\u00e0. Il successo AC \u00e8 arrivato grazie a <strong>1\u00b0 Primo Rota<\/strong>, con <strong>2\u00b0 Enea Rondini<\/strong>, <strong>3\u00b0 Thomas Gelmini<\/strong>, <strong>4\u00b0 Enea Tignonsini<\/strong> e <strong>5\u00b0 Johan Bergamaschi<\/strong>.<\/p>\n\n\n\n<p>La categoria <strong>U12 femminile<\/strong> ha visto il miglior tempo della <strong>1\u00b0 classificata Margherita Nady Bertella<\/strong>, seguita da <strong>2\u00b0 Alessia Dabeni<\/strong>, <strong>3\u00b0 Petra Longa<\/strong>, <strong>4\u00b0 Martina Gallo<\/strong> e <strong>5\u00b0 Stella Spoldi<\/strong>, tutte autrici di prove precise e regolari.<\/p>\n\n\n\n<p>Di seguito le classifiche complete:<\/p>\n\n\n\n<p><a href=\"\/Users\/maest\/Downloads\/CLASSIFICA%20UFFICIOSA%20-%20GS%20-%20BABY%20-%20CAT%20SEPARATE%20(3).pdf\">file:\/\/\/C:\/Users\/maest\/Downloads\/CLASSIFICA%20UFFICIOSA%20-%20GS%20-%20BABY%20-%20CAT%20SEPARATE%20(3).pdf<\/a><\/p>\n\n\n\n<p><a href=\"\/Users\/maest\/Downloads\/CLASSIFICA%20DIVISA%20PER%20ANNO%20CUCCIOLI%20SL%20(1).pdf\">file:\/\/\/C:\/Users\/maest\/Downloads\/CLASSIFICA%20DIVISA%20PER%20ANNO%20CUCCIOLI%20SL%20(1).pdf<\/a><\/p>\n\n\n\n<figure class=\"wp-block-image size-large\"><img loading=\"lazy\" decoding=\"async\" width=\"1024\" height=\"661\" src=\"https:\/\/comitati.fisi.org\/alpi-centrali\/wp-content\/uploads\/sites\/25\/2026\/03\/12-1024x661.jpg\" alt=\"\" class=\"wp-image-1589074\" srcset=\"https:\/\/comitati.fisi.org\/alpi-centrali\/wp-content\/uploads\/sites\/25\/2026\/03\/12-1024x661.jpg 1024w, https:\/\/comitati.fisi.org\/alpi-centrali\/wp-content\/uploads\/sites\/25\/2026\/03\/12-300x194.jpg 300w, https:\/\/comitati.fisi.org\/alpi-centrali\/wp-content\/uploads\/sites\/25\/2026\/03\/12-768x496.jpg 768w, https:\/\/comitati.fisi.org\/alpi-centrali\/wp-content\/uploads\/sites\/25\/2026\/03\/12.jpg 1169w\" sizes=\"(max-width: 1024px) 100vw, 1024px\" \/><\/figure>\n\n\n\n<figure class=\"wp-block-image size-large\"><img loading=\"lazy\" decoding=\"async\" width=\"1024\" height=\"665\" src=\"https:\/\/comitati.fisi.org\/alpi-centrali\/wp-content\/uploads\/sites\/25\/2026\/03\/13-1024x665.jpg\" alt=\"\" class=\"wp-image-1589075\" srcset=\"https:\/\/comitati.fisi.org\/alpi-centrali\/wp-content\/uploads\/sites\/25\/2026\/03\/13-1024x665.jpg 1024w, https:\/\/comitati.fisi.org\/alpi-centrali\/wp-content\/uploads\/sites\/25\/2026\/03\/13-300x195.jpg 300w, https:\/\/comitati.fisi.org\/alpi-centrali\/wp-content\/uploads\/sites\/25\/2026\/03\/13-768x499.jpg 768w, https:\/\/comitati.fisi.org\/alpi-centrali\/wp-content\/uploads\/sites\/25\/2026\/03\/13.jpg 1169w\" sizes=\"(max-width: 1024px) 100vw, 1024px\" \/><\/figure>\n\n\n\n<figure class=\"wp-block-image size-large\"><img loading=\"lazy\" decoding=\"async\" width=\"1024\" height=\"652\" src=\"https:\/\/comitati.fisi.org\/alpi-centrali\/wp-content\/uploads\/sites\/25\/2026\/03\/14-1024x652.jpg\" alt=\"\" class=\"wp-image-1589076\" srcset=\"https:\/\/comitati.fisi.org\/alpi-centrali\/wp-content\/uploads\/sites\/25\/2026\/03\/14-1024x652.jpg 1024w, https:\/\/comitati.fisi.org\/alpi-centrali\/wp-content\/uploads\/sites\/25\/2026\/03\/14-300x191.jpg 300w, https:\/\/comitati.fisi.org\/alpi-centrali\/wp-content\/uploads\/sites\/25\/2026\/03\/14-768x489.jpg 768w, https:\/\/comitati.fisi.org\/alpi-centrali\/wp-content\/uploads\/sites\/25\/2026\/03\/14.jpg 1170w\" sizes=\"(max-width: 1024px) 100vw, 1024px\" \/><\/figure>\n\n\n\n<figure class=\"wp-block-image size-large\"><img loading=\"lazy\" decoding=\"async\" width=\"1024\" height=\"649\" src=\"https:\/\/comitati.fisi.org\/alpi-centrali\/wp-content\/uploads\/sites\/25\/2026\/03\/15-1024x649.jpg\" alt=\"\" class=\"wp-image-1589077\" srcset=\"https:\/\/comitati.fisi.org\/alpi-centrali\/wp-content\/uploads\/sites\/25\/2026\/03\/15-1024x649.jpg 1024w, https:\/\/comitati.fisi.org\/alpi-centrali\/wp-content\/uploads\/sites\/25\/2026\/03\/15-300x190.jpg 300w, https:\/\/comitati.fisi.org\/alpi-centrali\/wp-content\/uploads\/sites\/25\/2026\/03\/15-768x487.jpg 768w, https:\/\/comitati.fisi.org\/alpi-centrali\/wp-content\/uploads\/sites\/25\/2026\/03\/15.jpg 1169w\" sizes=\"(max-width: 1024px) 100vw, 1024px\" \/><\/figure>\n\n\n\n<figure class=\"wp-block-image size-large\"><img loading=\"lazy\" decoding=\"async\" width=\"1024\" height=\"649\" src=\"https:\/\/comitati.fisi.org\/alpi-centrali\/wp-content\/uploads\/sites\/25\/2026\/03\/17-1024x649.jpg\" alt=\"\" class=\"wp-image-1589078\" srcset=\"https:\/\/comitati.fisi.org\/alpi-centrali\/wp-content\/uploads\/sites\/25\/2026\/03\/17-1024x649.jpg 1024w, https:\/\/comitati.fisi.org\/alpi-centrali\/wp-content\/uploads\/sites\/25\/2026\/03\/17-300x190.jpg 300w, https:\/\/comitati.fisi.org\/alpi-centrali\/wp-content\/uploads\/sites\/25\/2026\/03\/17-768x486.jpg 768w, https:\/\/comitati.fisi.org\/alpi-centrali\/wp-content\/uploads\/sites\/25\/2026\/03\/17.jpg 1170w\" sizes=\"(max-width: 1024px) 100vw, 1024px\" \/><\/figure>\n","protected":false},"excerpt":{"rendered":"<p>Nella giornata di oggi si sono disputate le gare valide per i Campionati Regionali Pulcini , Baby impegnati specialit\u00e0 Slalom Gigante, Cuccioli speciale. Nella U9 Baby 1 femminile, la gara ha visto il successo di Angelia Lazzeri, che ha conquistato il 1\u00b0 posto davanti a Irene Tentori, 2\u00aa, ed Emma Manganoni, 3\u00aa. Subito dietro, Sofia Radaelli ha chiuso 4\u00aa, mentre&hellip;<\/p>\n","protected":false},"author":38,"featured_media":1589073,"comment_status":"open","ping_status":"open","sticky":false,"template":"","format":"standard","meta":{"_acf_changed":false,"footnotes":""},"categories":[4,10,5,11,8],"tags":[],"acf":[],"_links":{"self":[{"href":"https:\/\/comitati.fisi.org\/alpi-centrali\/wp-json\/wp\/v2\/posts\/1589045"}],"collection":[{"href":"https:\/\/comitati.fisi.org\/alpi-centrali\/wp-json\/wp\/v2\/posts"}],"about":[{"href":"https:\/\/comitati.fisi.org\/alpi-centrali\/wp-json\/wp\/v2\/types\/post"}],"author":[{"embeddable":true,"href":"https:\/\/comitati.fisi.org\/alpi-centrali\/wp-json\/wp\/v2\/users\/38"}],"replies":[{"embeddable":true,"href":"https:\/\/comitati.fisi.org\/alpi-centrali\/wp-json\/wp\/v2\/comments?post=1589045"}],"version-history":[{"count":7,"href":"https:\/\/comitati.fisi.org\/alpi-centrali\/wp-json\/wp\/v2\/posts\/1589045\/revisions"}],"predecessor-version":[{"id":1589079,"href":"https:\/\/comitati.fisi.org\/alpi-centrali\/wp-json\/wp\/v2\/posts\/1589045\/revisions\/1589079"}],"wp:featuredmedia":[{"embeddable":true,"href":"https:\/\/comitati.fisi.org\/alpi-centrali\/wp-json\/wp\/v2\/media\/1589073"}],"wp:attachment":[{"href":"https:\/\/comitati.fisi.org\/alpi-centrali\/wp-json\/wp\/v2\/media?parent=1589045"}],"wp:term":[{"taxonomy":"category","embeddable":true,"href":"https:\/\/comitati.fisi.org\/alpi-centrali\/wp-json\/wp\/v2\/categories?post=1589045"},{"taxonomy":"post_tag","embeddable":true,"href":"https:\/\/comitati.fisi.org\/alpi-centrali\/wp-json\/wp\/v2\/tags?post=1589045"}],"curies":[{"name":"wp","href":"https:\/\/api.w.org\/{rel}","templated":true}]}}