{"id":1431,"date":"2012-09-14T15:13:59","date_gmt":"2012-09-14T13:13:59","guid":{"rendered":"https:\/\/www.fisialpicentrali.it\/cms\/?p=1431"},"modified":"2012-09-14T15:13:59","modified_gmt":"2012-09-14T13:13:59","slug":"1492012-adamello-ski-si-prepara-allinverno","status":"publish","type":"post","link":"https:\/\/comitati.fisi.org\/alpi-centrali\/blog\/2012\/09\/14\/1492012-adamello-ski-si-prepara-allinverno\/","title":{"rendered":"14\/9\/2012 &#8211; ADAMELLO SKI si prepara all&#8217;inverno"},"content":{"rendered":"<p style=\"text-align: left\">Hanno preso il via le operazioni di svestizione del ghiacciaio Presena che ha trascorso l\u2019estate al riparo dai raggi del sole grazie all\u2019ampia coperta di teli geotessili stesi a giugno dalla societ\u00e0 Carosello per limitarne lo scioglimento. Anche quest\u2019anno i teli hanno svolto perfettamente il loro compito, salvaguardando\u00a0<strong>uno spessore di 2 metri di neve che rappresenta la base per la stagione invernale 2012-2013.<\/strong>\u00a0La copertura del ghiacciaio fa parte di un progetto che coinvolge la Provincia Autonoma di Trento e l\u2019Universit\u00e0 di Milano che monitora e studia gli effetti dei teli. L\u2019efficacia di questa \u201ccoperta\u201d ha portato negli anni ad intensificarne l\u2019utilizzo; quest\u2019anno \u00e8 stata ricoperta una superficie di ghiacciaio pari a 100.000 metri quadri.<\/p>\n<p style=\"text-align: left\"><strong>Il ghiacciaio sar\u00e0 protagonista a breve di un importante intervento di riqualificazione\u00a0<\/strong>che comporter\u00e0 la sostituzione della seggiovia Paradiso Presena e delle due sciovie Presena destro e Presena sinistro con una moderna cabinovia che dai 2.585 mt di quota di Passo Paradiso raggiunger\u00e0 la cima del ghiacciaio, con una stazione intermedia nei pressi di Capanna Presena, a 2.729 mt di quota. L\u2019inizio dei lavori era previsto per questa estate ma a causa delle lungaggini burocratiche \u00e8 stato posticipato all\u2019anno prossimo; si tratta di un intervento importante che durer\u00e0 un paio di anni, nel frattempo continueranno a funzionare gli attuali impianti di risalita.<\/p>\n<p style=\"text-align: left\"><strong>La novit\u00e0 del comprensorio Adamello Ski per la stagione invernale 2012-2013 \u00e8 il nuovissimo impianto di risalita della societ\u00e0 Sinval:<\/strong>\u00a0sono in corso in questi giorni i lavori al centro del Passo Tonale che porteranno alla<strong>sostituzione delle sciovie Vittoria e Presanella con una nuova seggiovia a 6 posti<\/strong>, la prima di questo tipo nella ski area Adamello Ski. Si tratta di un impianto moderno e funzionale, dotato di due stazioni coperte, con una portata oraria di 2.400 persone. E\u2019 la prima 6 posti del comprensorio Adamello Ski\u00a0 e riqualificher\u00e0 l\u2019ampia zona dedicata al campo scuola e ai tracciati di gara degli sci club. E\u2019 previsto anche il<strong>\u00a0livellamento delle piste<\/strong>\u00a0servite da questo nuovo impianto, al fine di rendere il pendio pi\u00f9 adatto ai principianti ed ai tracciati agonistici, rispettivamente sulla pista di destra e su quella di sinistra.<\/p>\n<p style=\"text-align: left\">Inoltre\u00a0<strong>la slittinovia Carezze \u00e8 stata sostituita da una sciovia\u00a0<\/strong>che permetter\u00e0 ai principianti di prendere confidenza con la neve su un tracciato facile e sicuro. E\u2019 previsto infine il\u00a0<strong>posizionamento di un nuovo tapis roulant<\/strong>, a destra della nuova 6 posti, nei pressi del Fantaski: in questo modo viene ampliata l\u2019offerta per chi si sta avvicinando allo sci ed \u00e8 risaputo che il Tonale, per la sua conformazione e per il fatto di avere tutti tracciati in campo aperto, \u00e8 particolarmente adatto per chi intende imparare a sciare.<\/p>\n","protected":false},"excerpt":{"rendered":"<p>Hanno preso il via le operazioni di svestizione del ghiacciaio Presena che ha trascorso l\u2019estate al riparo dai raggi del sole grazie all\u2019ampia coperta di teli geotessili stesi a giugno dalla societ\u00e0 Carosello per limitarne lo scioglimento. Anche quest\u2019anno i teli hanno svolto perfettamente il loro compito, salvaguardando\u00a0uno spessore di 2 metri di neve che rappresenta la base per la&hellip;<\/p>\n","protected":false},"author":4,"featured_media":1490,"comment_status":"closed","ping_status":"open","sticky":false,"template":"","format":"standard","meta":{"_acf_changed":false,"footnotes":""},"categories":[9,10],"tags":[],"acf":[],"_links":{"self":[{"href":"https:\/\/comitati.fisi.org\/alpi-centrali\/wp-json\/wp\/v2\/posts\/1431"}],"collection":[{"href":"https:\/\/comitati.fisi.org\/alpi-centrali\/wp-json\/wp\/v2\/posts"}],"about":[{"href":"https:\/\/comitati.fisi.org\/alpi-centrali\/wp-json\/wp\/v2\/types\/post"}],"author":[{"embeddable":true,"href":"https:\/\/comitati.fisi.org\/alpi-centrali\/wp-json\/wp\/v2\/users\/4"}],"replies":[{"embeddable":true,"href":"https:\/\/comitati.fisi.org\/alpi-centrali\/wp-json\/wp\/v2\/comments?post=1431"}],"version-history":[{"count":0,"href":"https:\/\/comitati.fisi.org\/alpi-centrali\/wp-json\/wp\/v2\/posts\/1431\/revisions"}],"wp:featuredmedia":[{"embeddable":true,"href":"https:\/\/comitati.fisi.org\/alpi-centrali\/wp-json\/wp\/v2\/media\/1490"}],"wp:attachment":[{"href":"https:\/\/comitati.fisi.org\/alpi-centrali\/wp-json\/wp\/v2\/media?parent=1431"}],"wp:term":[{"taxonomy":"category","embeddable":true,"href":"https:\/\/comitati.fisi.org\/alpi-centrali\/wp-json\/wp\/v2\/categories?post=1431"},{"taxonomy":"post_tag","embeddable":true,"href":"https:\/\/comitati.fisi.org\/alpi-centrali\/wp-json\/wp\/v2\/tags?post=1431"}],"curies":[{"name":"wp","href":"https:\/\/api.w.org\/{rel}","templated":true}]}}